{"id":16290,"date":"2020-09-07T10:18:23","date_gmt":"2020-09-07T08:18:23","guid":{"rendered":"https:\/\/dev.linslerhof.de\/jazz-and-tarte-flambee-evening\/"},"modified":"2020-09-07T10:18:23","modified_gmt":"2020-09-07T08:18:23","slug":"jazz-and-tarte-flambee-evening","status":"publish","type":"post","link":"https:\/\/www.linslerhof.de\/en\/jazz-and-tarte-flambee-evening\/","title":{"rendered":"JAZZ AND TARTE FLAMB\u00c9E EVENING"},"content":{"rendered":"<p>Visit us at the Linslerhof for an enjoyable evening with music!On September 27, our Jazz &amp; Tarte Flamb\u00e9e Evening will take place in the beer garden from 5:30 pm.Enjoy as many tarte flamb\u00e9es as you like for \u20ac29.50 per person. This evening will be accompanied by the jazz duo Bernd Nickaes and Daniel Krueger.<br \/>\nReservations are requested on 06836-80766 or at bankett@linslerhof.de.<br \/>\nWe look forward to your visit!Your Linslerhof team<\/p>\n<p>Our most popular tarte flamb\u00e9e<br \/>\nHearty: Tarte flamb\u00e9e with bacon and onions Tarte flamb\u00e9e with grilled vegetables, olives and feta cheese Tarte flamb\u00e9e with tomatoes, mozzarella &amp; basil Tarte flamb\u00e9e with air-dried ham &amp; rocket<br \/>\nSweet: Tarte flamb\u00e9e with apples &amp; cinnamon Tarte flamb\u00e9e with banana &amp; chocolate sauce<br \/>\nSo that you can enjoy the tarte flamb\u00e9e fresh and hot, we serve one tarte flamb\u00e9e per round for 4 people and two tarte flamb\u00e9es for 6 people.<\/p>\n","protected":false},"excerpt":{"rendered":"<p>Visit us at the Linslerhof for an enjoyable evening with music!On September 27, our Jazz &amp; Tarte Flamb\u00e9e Evening will take place in the beer garden from 5:30 pm.Enjoy as many tarte flamb\u00e9es as you like for \u20ac29.50 per person. This evening will be accompanied by the jazz duo Bernd Nickaes and Daniel Krueger. Reservations&#8230;<\/p>\n","protected":false},"author":3,"featured_media":0,"comment_status":"open","ping_status":"open","sticky":false,"template":"","format":"standard","meta":{"footnotes":""},"categories":[369],"tags":[380,381,378,379],"class_list":["post-16290","post","type-post","status-publish","format-standard","hentry","category-indulgence","tag-event-en","tag-gastronomy","tag-jazz-en","tag-tarte-flambee"],"yoast_head":"<!-- This site is optimized with the Yoast SEO plugin v27.5 - https:\/\/yoast.com\/product\/yoast-seo-wordpress\/ -->\n<title>JAZZ AND TARTE FLAMB\u00c9E EVENING | Linslerhof<\/title>\n<meta name=\"robots\" content=\"index, follow, max-snippet:-1, max-image-preview:large, max-video-preview:-1\" \/>\n<link rel=\"canonical\" href=\"https:\/\/www.linslerhof.de\/en\/jazz-and-tarte-flambee-evening\/\" \/>\n<meta property=\"og:locale\" content=\"en_US\" \/>\n<meta property=\"og:type\" content=\"article\" \/>\n<meta property=\"og:title\" content=\"JAZZ AND TARTE FLAMB\u00c9E EVENING | Linslerhof\" \/>\n<meta property=\"og:description\" content=\"Visit us at the Linslerhof for an enjoyable evening with music!On September 27, our Jazz &amp; Tarte Flamb\u00e9e Evening will take place in the beer garden from 5:30 pm.Enjoy as many tarte flamb\u00e9es as you like for \u20ac29.50 per person. This evening will be accompanied by the jazz duo Bernd Nickaes and Daniel Krueger. Reservations...\" \/>\n<meta property=\"og:url\" content=\"https:\/\/www.linslerhof.de\/en\/jazz-and-tarte-flambee-evening\/\" \/>\n<meta property=\"og:site_name\" content=\"Linslerhof\" \/>\n<meta property=\"article:publisher\" content=\"https:\/\/www.facebook.com\/Linslerhof\" \/>\n<meta property=\"article:published_time\" content=\"2020-09-07T08:18:23+00:00\" \/>\n<meta name=\"author\" content=\"Linslerhof\" \/>\n<meta name=\"twitter:card\" content=\"summary_large_image\" \/>\n<meta name=\"twitter:label1\" content=\"Written by\" \/>\n\t<meta name=\"twitter:data1\" content=\"Linslerhof\" \/>\n\t<meta name=\"twitter:label2\" content=\"Est. reading time\" \/>\n\t<meta name=\"twitter:data2\" content=\"1 minute\" \/>\n<script type=\"application\/ld+json\" class=\"yoast-schema-graph\">{\"@context\":\"https:\\\/\\\/schema.org\",\"@graph\":[{\"@type\":\"Article\",\"@id\":\"https:\\\/\\\/www.linslerhof.de\\\/en\\\/jazz-and-tarte-flambee-evening\\\/#article\",\"isPartOf\":{\"@id\":\"https:\\\/\\\/www.linslerhof.de\\\/en\\\/jazz-and-tarte-flambee-evening\\\/\"},\"author\":{\"name\":\"Linslerhof\",\"@id\":\"https:\\\/\\\/www.linslerhof.de\\\/en\\\/#\\\/schema\\\/person\\\/fdecd0f84a48f837b8ceef11fba619e6\"},\"headline\":\"JAZZ AND TARTE FLAMB\u00c9E EVENING\",\"datePublished\":\"2020-09-07T08:18:23+00:00\",\"mainEntityOfPage\":{\"@id\":\"https:\\\/\\\/www.linslerhof.de\\\/en\\\/jazz-and-tarte-flambee-evening\\\/\"},\"wordCount\":165,\"commentCount\":0,\"publisher\":{\"@id\":\"https:\\\/\\\/www.linslerhof.de\\\/en\\\/#organization\"},\"keywords\":[\"Event\",\"Gastronomy\",\"Jazz\",\"Tarte flamb\u00e9e\"],\"articleSection\":[\"Indulgence\"],\"inLanguage\":\"en-US\",\"potentialAction\":[{\"@type\":\"CommentAction\",\"name\":\"Comment\",\"target\":[\"https:\\\/\\\/www.linslerhof.de\\\/en\\\/jazz-and-tarte-flambee-evening\\\/#respond\"]}]},{\"@type\":\"WebPage\",\"@id\":\"https:\\\/\\\/www.linslerhof.de\\\/en\\\/jazz-and-tarte-flambee-evening\\\/\",\"url\":\"https:\\\/\\\/www.linslerhof.de\\\/en\\\/jazz-and-tarte-flambee-evening\\\/\",\"name\":\"JAZZ AND TARTE FLAMB\u00c9E EVENING | Linslerhof\",\"isPartOf\":{\"@id\":\"https:\\\/\\\/www.linslerhof.de\\\/en\\\/#website\"},\"datePublished\":\"2020-09-07T08:18:23+00:00\",\"breadcrumb\":{\"@id\":\"https:\\\/\\\/www.linslerhof.de\\\/en\\\/jazz-and-tarte-flambee-evening\\\/#breadcrumb\"},\"inLanguage\":\"en-US\",\"potentialAction\":[{\"@type\":\"ReadAction\",\"target\":[\"https:\\\/\\\/www.linslerhof.de\\\/en\\\/jazz-and-tarte-flambee-evening\\\/\"]}]},{\"@type\":\"BreadcrumbList\",\"@id\":\"https:\\\/\\\/www.linslerhof.de\\\/en\\\/jazz-and-tarte-flambee-evening\\\/#breadcrumb\",\"itemListElement\":[{\"@type\":\"ListItem\",\"position\":1,\"name\":\"Home\",\"item\":\"https:\\\/\\\/www.linslerhof.de\\\/en\\\/4-star-hotel-in-saarland\\\/\"},{\"@type\":\"ListItem\",\"position\":2,\"name\":\"JAZZ AND TARTE FLAMB\u00c9E EVENING\"}]},{\"@type\":\"WebSite\",\"@id\":\"https:\\\/\\\/www.linslerhof.de\\\/en\\\/#website\",\"url\":\"https:\\\/\\\/www.linslerhof.de\\\/en\\\/\",\"name\":\"Linslerhof\",\"description\":\"Historischer Gutshof\",\"publisher\":{\"@id\":\"https:\\\/\\\/www.linslerhof.de\\\/en\\\/#organization\"},\"potentialAction\":[{\"@type\":\"SearchAction\",\"target\":{\"@type\":\"EntryPoint\",\"urlTemplate\":\"https:\\\/\\\/www.linslerhof.de\\\/en\\\/?s={search_term_string}\"},\"query-input\":{\"@type\":\"PropertyValueSpecification\",\"valueRequired\":true,\"valueName\":\"search_term_string\"}}],\"inLanguage\":\"en-US\"},{\"@type\":\"Organization\",\"@id\":\"https:\\\/\\\/www.linslerhof.de\\\/en\\\/#organization\",\"name\":\"Linslerhof\",\"url\":\"https:\\\/\\\/www.linslerhof.de\\\/en\\\/\",\"logo\":{\"@type\":\"ImageObject\",\"inLanguage\":\"en-US\",\"@id\":\"https:\\\/\\\/www.linslerhof.de\\\/en\\\/#\\\/schema\\\/logo\\\/image\\\/\",\"url\":\"https:\\\/\\\/www.linslerhof.de\\\/wp-content\\\/uploads\\\/2020\\\/12\\\/Logo_2020.png\",\"contentUrl\":\"https:\\\/\\\/www.linslerhof.de\\\/wp-content\\\/uploads\\\/2020\\\/12\\\/Logo_2020.png\",\"width\":466,\"height\":300,\"caption\":\"Linslerhof\"},\"image\":{\"@id\":\"https:\\\/\\\/www.linslerhof.de\\\/en\\\/#\\\/schema\\\/logo\\\/image\\\/\"},\"sameAs\":[\"https:\\\/\\\/www.facebook.com\\\/Linslerhof\",\"https:\\\/\\\/www.instagram.com\\\/linslerhof\\\/\"]},{\"@type\":\"Person\",\"@id\":\"https:\\\/\\\/www.linslerhof.de\\\/en\\\/#\\\/schema\\\/person\\\/fdecd0f84a48f837b8ceef11fba619e6\",\"name\":\"Linslerhof\",\"image\":{\"@type\":\"ImageObject\",\"inLanguage\":\"en-US\",\"@id\":\"https:\\\/\\\/secure.gravatar.com\\\/avatar\\\/604e0f0d7a31fe2cdbd177814c97d7c5f454fb670c0a7aefd1c57ea0c119326d?s=96&d=mm&r=g\",\"url\":\"https:\\\/\\\/secure.gravatar.com\\\/avatar\\\/604e0f0d7a31fe2cdbd177814c97d7c5f454fb670c0a7aefd1c57ea0c119326d?s=96&d=mm&r=g\",\"contentUrl\":\"https:\\\/\\\/secure.gravatar.com\\\/avatar\\\/604e0f0d7a31fe2cdbd177814c97d7c5f454fb670c0a7aefd1c57ea0c119326d?s=96&d=mm&r=g\",\"caption\":\"Linslerhof\"},\"url\":\"https:\\\/\\\/www.linslerhof.de\\\/en\\\/author\\\/usr_linslerhof_admin\\\/\"}]}<\/script>\n<!-- \/ Yoast SEO plugin. -->","yoast_head_json":{"title":"JAZZ AND TARTE FLAMB\u00c9E EVENING | Linslerhof","robots":{"index":"index","follow":"follow","max-snippet":"max-snippet:-1","max-image-preview":"max-image-preview:large","max-video-preview":"max-video-preview:-1"},"canonical":"https:\/\/www.linslerhof.de\/en\/jazz-and-tarte-flambee-evening\/","og_locale":"en_US","og_type":"article","og_title":"JAZZ AND TARTE FLAMB\u00c9E EVENING | Linslerhof","og_description":"Visit us at the Linslerhof for an enjoyable evening with music!On September 27, our Jazz &amp; Tarte Flamb\u00e9e Evening will take place in the beer garden from 5:30 pm.Enjoy as many tarte flamb\u00e9es as you like for \u20ac29.50 per person. This evening will be accompanied by the jazz duo Bernd Nickaes and Daniel Krueger. Reservations...","og_url":"https:\/\/www.linslerhof.de\/en\/jazz-and-tarte-flambee-evening\/","og_site_name":"Linslerhof","article_publisher":"https:\/\/www.facebook.com\/Linslerhof","article_published_time":"2020-09-07T08:18:23+00:00","author":"Linslerhof","twitter_card":"summary_large_image","twitter_misc":{"Written by":"Linslerhof","Est. reading time":"1 minute"},"schema":{"@context":"https:\/\/schema.org","@graph":[{"@type":"Article","@id":"https:\/\/www.linslerhof.de\/en\/jazz-and-tarte-flambee-evening\/#article","isPartOf":{"@id":"https:\/\/www.linslerhof.de\/en\/jazz-and-tarte-flambee-evening\/"},"author":{"name":"Linslerhof","@id":"https:\/\/www.linslerhof.de\/en\/#\/schema\/person\/fdecd0f84a48f837b8ceef11fba619e6"},"headline":"JAZZ AND TARTE FLAMB\u00c9E EVENING","datePublished":"2020-09-07T08:18:23+00:00","mainEntityOfPage":{"@id":"https:\/\/www.linslerhof.de\/en\/jazz-and-tarte-flambee-evening\/"},"wordCount":165,"commentCount":0,"publisher":{"@id":"https:\/\/www.linslerhof.de\/en\/#organization"},"keywords":["Event","Gastronomy","Jazz","Tarte flamb\u00e9e"],"articleSection":["Indulgence"],"inLanguage":"en-US","potentialAction":[{"@type":"CommentAction","name":"Comment","target":["https:\/\/www.linslerhof.de\/en\/jazz-and-tarte-flambee-evening\/#respond"]}]},{"@type":"WebPage","@id":"https:\/\/www.linslerhof.de\/en\/jazz-and-tarte-flambee-evening\/","url":"https:\/\/www.linslerhof.de\/en\/jazz-and-tarte-flambee-evening\/","name":"JAZZ AND TARTE FLAMB\u00c9E EVENING | Linslerhof","isPartOf":{"@id":"https:\/\/www.linslerhof.de\/en\/#website"},"datePublished":"2020-09-07T08:18:23+00:00","breadcrumb":{"@id":"https:\/\/www.linslerhof.de\/en\/jazz-and-tarte-flambee-evening\/#breadcrumb"},"inLanguage":"en-US","potentialAction":[{"@type":"ReadAction","target":["https:\/\/www.linslerhof.de\/en\/jazz-and-tarte-flambee-evening\/"]}]},{"@type":"BreadcrumbList","@id":"https:\/\/www.linslerhof.de\/en\/jazz-and-tarte-flambee-evening\/#breadcrumb","itemListElement":[{"@type":"ListItem","position":1,"name":"Home","item":"https:\/\/www.linslerhof.de\/en\/4-star-hotel-in-saarland\/"},{"@type":"ListItem","position":2,"name":"JAZZ AND TARTE FLAMB\u00c9E EVENING"}]},{"@type":"WebSite","@id":"https:\/\/www.linslerhof.de\/en\/#website","url":"https:\/\/www.linslerhof.de\/en\/","name":"Linslerhof","description":"Historischer Gutshof","publisher":{"@id":"https:\/\/www.linslerhof.de\/en\/#organization"},"potentialAction":[{"@type":"SearchAction","target":{"@type":"EntryPoint","urlTemplate":"https:\/\/www.linslerhof.de\/en\/?s={search_term_string}"},"query-input":{"@type":"PropertyValueSpecification","valueRequired":true,"valueName":"search_term_string"}}],"inLanguage":"en-US"},{"@type":"Organization","@id":"https:\/\/www.linslerhof.de\/en\/#organization","name":"Linslerhof","url":"https:\/\/www.linslerhof.de\/en\/","logo":{"@type":"ImageObject","inLanguage":"en-US","@id":"https:\/\/www.linslerhof.de\/en\/#\/schema\/logo\/image\/","url":"https:\/\/www.linslerhof.de\/wp-content\/uploads\/2020\/12\/Logo_2020.png","contentUrl":"https:\/\/www.linslerhof.de\/wp-content\/uploads\/2020\/12\/Logo_2020.png","width":466,"height":300,"caption":"Linslerhof"},"image":{"@id":"https:\/\/www.linslerhof.de\/en\/#\/schema\/logo\/image\/"},"sameAs":["https:\/\/www.facebook.com\/Linslerhof","https:\/\/www.instagram.com\/linslerhof\/"]},{"@type":"Person","@id":"https:\/\/www.linslerhof.de\/en\/#\/schema\/person\/fdecd0f84a48f837b8ceef11fba619e6","name":"Linslerhof","image":{"@type":"ImageObject","inLanguage":"en-US","@id":"https:\/\/secure.gravatar.com\/avatar\/604e0f0d7a31fe2cdbd177814c97d7c5f454fb670c0a7aefd1c57ea0c119326d?s=96&d=mm&r=g","url":"https:\/\/secure.gravatar.com\/avatar\/604e0f0d7a31fe2cdbd177814c97d7c5f454fb670c0a7aefd1c57ea0c119326d?s=96&d=mm&r=g","contentUrl":"https:\/\/secure.gravatar.com\/avatar\/604e0f0d7a31fe2cdbd177814c97d7c5f454fb670c0a7aefd1c57ea0c119326d?s=96&d=mm&r=g","caption":"Linslerhof"},"url":"https:\/\/www.linslerhof.de\/en\/author\/usr_linslerhof_admin\/"}]}},"_links":{"self":[{"href":"https:\/\/www.linslerhof.de\/en\/wp-json\/wp\/v2\/posts\/16290","targetHints":{"allow":["GET"]}}],"collection":[{"href":"https:\/\/www.linslerhof.de\/en\/wp-json\/wp\/v2\/posts"}],"about":[{"href":"https:\/\/www.linslerhof.de\/en\/wp-json\/wp\/v2\/types\/post"}],"author":[{"embeddable":true,"href":"https:\/\/www.linslerhof.de\/en\/wp-json\/wp\/v2\/users\/3"}],"replies":[{"embeddable":true,"href":"https:\/\/www.linslerhof.de\/en\/wp-json\/wp\/v2\/comments?post=16290"}],"version-history":[{"count":0,"href":"https:\/\/www.linslerhof.de\/en\/wp-json\/wp\/v2\/posts\/16290\/revisions"}],"wp:attachment":[{"href":"https:\/\/www.linslerhof.de\/en\/wp-json\/wp\/v2\/media?parent=16290"}],"wp:term":[{"taxonomy":"category","embeddable":true,"href":"https:\/\/www.linslerhof.de\/en\/wp-json\/wp\/v2\/categories?post=16290"},{"taxonomy":"post_tag","embeddable":true,"href":"https:\/\/www.linslerhof.de\/en\/wp-json\/wp\/v2\/tags?post=16290"}],"curies":[{"name":"wp","href":"https:\/\/api.w.org\/{rel}","templated":true}]}}