{"id":33744,"date":"2020-07-03T10:15:57","date_gmt":"2020-07-03T08:15:57","guid":{"rendered":"https:\/\/dev.linslerhof.de\/miel-dabeille-du-linslerhof\/"},"modified":"2020-07-03T10:15:57","modified_gmt":"2020-07-03T08:15:57","slug":"miel-dabeille-du-linslerhof","status":"publish","type":"post","link":"https:\/\/www.linslerhof.de\/fr\/miel-dabeille-du-linslerhof\/","title":{"rendered":"Miel d&rsquo;abeille du Linslerhof"},"content":{"rendered":"<p>\u00c0 la fin de l&rsquo;\u00e9t\u00e9 2019, nous avons install\u00e9 quelques colonies d&rsquo;abeilles de l&rsquo;apiculteur Olaf Jorzyk au Linslerhof. Depuis, les ruches sont install\u00e9es dans une prairie prot\u00e9g\u00e9e entre le pavillon de jardin et l&rsquo;\u00e9tang de l&rsquo;h\u00f4tel.<\/p>\n<p>Les petites abeilles laborieuses trouvent ici \u00e0 la ferme une nourriture vari\u00e9e, des ch\u00e2taigniers du Biergarten aux champs de colza environnants, en passant par les nombreuses fleurs du jardin de l&rsquo;h\u00f4tel.<\/p>\n<p>Cette ann\u00e9e, c&rsquo;est la premi\u00e8re r\u00e9colte du d\u00e9licieux miel du Linslerhof ! Le miel de couleur dor\u00e9e,<strong><br \/>\n  <a href=\"https:\/\/www.bevonboch.com\/linslerhof\/linslerhof-honig\/linslerhof-honig-sommertracht_5000002_26953\"> miel liquide de ros\u00e9e d&rsquo;\u00e9t\u00e9<\/a><br \/>\n<\/strong> et <strong><br \/>\n  <a href=\"https:\/\/www.bevonboch.com\/linslerhof\/linslerhof-honig\/linslerhof-honig_5000001_26952\">le miel de printemps \u00e0 la texture onctueuse<\/a><br \/>\n<\/strong> en pot de 250g sont le cadeau id\u00e9al \u00e0 rapporter du Linslerhof. Le miel est extrait et mis en pot directement au Linslerhof par notre apiculteur Monsieur Jorzyk.<\/p>\n<p>Commandez votre \u00e9chantillon <strong><br \/>\n  <a href=\"https:\/\/www.bevonboch.com\/linslerhof\/linslerhof-honig\/linslerhof-honig_5000001_26952\">&gt;ICI<\/a><br \/>\n<\/strong> en ligne ou achetez un verre \u00e0 la r\u00e9ception de notre h\u00f4tel !<\/p>\n<p><img decoding=\"async\" class=\"alignnone size-medium wp-image-9123\" src=\"https:\/\/www.linslerhof.de\/wp-content\/uploads\/2020\/07\/blog-linslerhonig-lobby-300x177.jpg\" alt=\"\" width=\"300\" height=\"177\"><\/p>\n","protected":false},"excerpt":{"rendered":"<p>\u00c0 la fin de l&rsquo;\u00e9t\u00e9 2019, nous avons install\u00e9 quelques colonies d&rsquo;abeilles de l&rsquo;apiculteur Olaf Jorzyk au Linslerhof. Depuis, les ruches sont install\u00e9es dans une prairie prot\u00e9g\u00e9e entre le pavillon de jardin et l&rsquo;\u00e9tang de l&rsquo;h\u00f4tel. Les petites abeilles laborieuses trouvent ici \u00e0 la ferme une nourriture vari\u00e9e, des ch\u00e2taigniers du Biergarten aux champs de&#8230;<\/p>\n","protected":false},"author":3,"featured_media":0,"comment_status":"open","ping_status":"open","sticky":false,"template":"","format":"standard","meta":{"footnotes":""},"categories":[480],"tags":[481,484,483,482],"class_list":["post-33744","post","type-post","status-publish","format-standard","hentry","category-mondes-dexperience","tag-abeilles","tag-apiculteur","tag-durabilite","tag-miel"],"yoast_head":"<!-- This site is optimized with the Yoast SEO plugin v27.5 - https:\/\/yoast.com\/product\/yoast-seo-wordpress\/ -->\n<title>Miel d&#039;abeille du Linslerhof | Linslerhof<\/title>\n<meta name=\"robots\" content=\"index, follow, max-snippet:-1, max-image-preview:large, max-video-preview:-1\" \/>\n<link rel=\"canonical\" href=\"https:\/\/www.linslerhof.de\/fr\/miel-dabeille-du-linslerhof\/\" \/>\n<meta property=\"og:locale\" content=\"fr_FR\" \/>\n<meta property=\"og:type\" content=\"article\" \/>\n<meta property=\"og:title\" content=\"Miel d&#039;abeille du Linslerhof | Linslerhof\" \/>\n<meta property=\"og:description\" content=\"\u00c0 la fin de l&rsquo;\u00e9t\u00e9 2019, nous avons install\u00e9 quelques colonies d&rsquo;abeilles de l&rsquo;apiculteur Olaf Jorzyk au Linslerhof. Depuis, les ruches sont install\u00e9es dans une prairie prot\u00e9g\u00e9e entre le pavillon de jardin et l&rsquo;\u00e9tang de l&rsquo;h\u00f4tel. Les petites abeilles laborieuses trouvent ici \u00e0 la ferme une nourriture vari\u00e9e, des ch\u00e2taigniers du Biergarten aux champs de...\" \/>\n<meta property=\"og:url\" content=\"https:\/\/www.linslerhof.de\/fr\/miel-dabeille-du-linslerhof\/\" \/>\n<meta property=\"og:site_name\" content=\"Linslerhof\" \/>\n<meta property=\"article:publisher\" content=\"https:\/\/www.facebook.com\/Linslerhof\" \/>\n<meta property=\"article:published_time\" content=\"2020-07-03T08:15:57+00:00\" \/>\n<meta property=\"og:image\" content=\"https:\/\/www.linslerhof.de\/wp-content\/uploads\/2020\/07\/blog-linslerhonig-lobby-300x177.jpg\" \/>\n<meta name=\"author\" content=\"Linslerhof\" \/>\n<meta name=\"twitter:card\" content=\"summary_large_image\" \/>\n<meta name=\"twitter:label1\" content=\"\u00c9crit par\" \/>\n\t<meta name=\"twitter:data1\" content=\"Linslerhof\" \/>\n\t<meta name=\"twitter:label2\" content=\"Dur\u00e9e de lecture estim\u00e9e\" \/>\n\t<meta name=\"twitter:data2\" content=\"1 minute\" \/>\n<script type=\"application\/ld+json\" class=\"yoast-schema-graph\">{\"@context\":\"https:\\\/\\\/schema.org\",\"@graph\":[{\"@type\":\"Article\",\"@id\":\"https:\\\/\\\/www.linslerhof.de\\\/fr\\\/miel-dabeille-du-linslerhof\\\/#article\",\"isPartOf\":{\"@id\":\"https:\\\/\\\/www.linslerhof.de\\\/fr\\\/miel-dabeille-du-linslerhof\\\/\"},\"author\":{\"name\":\"Linslerhof\",\"@id\":\"https:\\\/\\\/www.linslerhof.de\\\/fr\\\/#\\\/schema\\\/person\\\/fdecd0f84a48f837b8ceef11fba619e6\"},\"headline\":\"Miel d&rsquo;abeille du Linslerhof\",\"datePublished\":\"2020-07-03T08:15:57+00:00\",\"mainEntityOfPage\":{\"@id\":\"https:\\\/\\\/www.linslerhof.de\\\/fr\\\/miel-dabeille-du-linslerhof\\\/\"},\"wordCount\":165,\"commentCount\":0,\"publisher\":{\"@id\":\"https:\\\/\\\/www.linslerhof.de\\\/fr\\\/#organization\"},\"image\":{\"@id\":\"https:\\\/\\\/www.linslerhof.de\\\/fr\\\/miel-dabeille-du-linslerhof\\\/#primaryimage\"},\"thumbnailUrl\":\"https:\\\/\\\/www.linslerhof.de\\\/wp-content\\\/uploads\\\/2020\\\/07\\\/blog-linslerhonig-lobby-300x177.jpg\",\"keywords\":[\"Abeilles\",\"Apiculteur\",\"Durabilit\u00e9\",\"Miel\"],\"articleSection\":[\"Mondes d'exp\u00e9rience\"],\"inLanguage\":\"fr-FR\",\"potentialAction\":[{\"@type\":\"CommentAction\",\"name\":\"Comment\",\"target\":[\"https:\\\/\\\/www.linslerhof.de\\\/fr\\\/miel-dabeille-du-linslerhof\\\/#respond\"]}]},{\"@type\":\"WebPage\",\"@id\":\"https:\\\/\\\/www.linslerhof.de\\\/fr\\\/miel-dabeille-du-linslerhof\\\/\",\"url\":\"https:\\\/\\\/www.linslerhof.de\\\/fr\\\/miel-dabeille-du-linslerhof\\\/\",\"name\":\"Miel d'abeille du Linslerhof | Linslerhof\",\"isPartOf\":{\"@id\":\"https:\\\/\\\/www.linslerhof.de\\\/fr\\\/#website\"},\"primaryImageOfPage\":{\"@id\":\"https:\\\/\\\/www.linslerhof.de\\\/fr\\\/miel-dabeille-du-linslerhof\\\/#primaryimage\"},\"image\":{\"@id\":\"https:\\\/\\\/www.linslerhof.de\\\/fr\\\/miel-dabeille-du-linslerhof\\\/#primaryimage\"},\"thumbnailUrl\":\"https:\\\/\\\/www.linslerhof.de\\\/wp-content\\\/uploads\\\/2020\\\/07\\\/blog-linslerhonig-lobby-300x177.jpg\",\"datePublished\":\"2020-07-03T08:15:57+00:00\",\"breadcrumb\":{\"@id\":\"https:\\\/\\\/www.linslerhof.de\\\/fr\\\/miel-dabeille-du-linslerhof\\\/#breadcrumb\"},\"inLanguage\":\"fr-FR\",\"potentialAction\":[{\"@type\":\"ReadAction\",\"target\":[\"https:\\\/\\\/www.linslerhof.de\\\/fr\\\/miel-dabeille-du-linslerhof\\\/\"]}]},{\"@type\":\"ImageObject\",\"inLanguage\":\"fr-FR\",\"@id\":\"https:\\\/\\\/www.linslerhof.de\\\/fr\\\/miel-dabeille-du-linslerhof\\\/#primaryimage\",\"url\":\"https:\\\/\\\/www.linslerhof.de\\\/wp-content\\\/uploads\\\/2020\\\/07\\\/blog-linslerhonig-lobby-300x177.jpg\",\"contentUrl\":\"https:\\\/\\\/www.linslerhof.de\\\/wp-content\\\/uploads\\\/2020\\\/07\\\/blog-linslerhonig-lobby-300x177.jpg\"},{\"@type\":\"BreadcrumbList\",\"@id\":\"https:\\\/\\\/www.linslerhof.de\\\/fr\\\/miel-dabeille-du-linslerhof\\\/#breadcrumb\",\"itemListElement\":[{\"@type\":\"ListItem\",\"position\":1,\"name\":\"Startseite\",\"item\":\"https:\\\/\\\/www.linslerhof.de\\\/fr\\\/hotel-4-etoiles-en-sarre\\\/\"},{\"@type\":\"ListItem\",\"position\":2,\"name\":\"Miel d&#8217;abeille du Linslerhof\"}]},{\"@type\":\"WebSite\",\"@id\":\"https:\\\/\\\/www.linslerhof.de\\\/fr\\\/#website\",\"url\":\"https:\\\/\\\/www.linslerhof.de\\\/fr\\\/\",\"name\":\"Linslerhof\",\"description\":\"Historischer Gutshof\",\"publisher\":{\"@id\":\"https:\\\/\\\/www.linslerhof.de\\\/fr\\\/#organization\"},\"potentialAction\":[{\"@type\":\"SearchAction\",\"target\":{\"@type\":\"EntryPoint\",\"urlTemplate\":\"https:\\\/\\\/www.linslerhof.de\\\/fr\\\/?s={search_term_string}\"},\"query-input\":{\"@type\":\"PropertyValueSpecification\",\"valueRequired\":true,\"valueName\":\"search_term_string\"}}],\"inLanguage\":\"fr-FR\"},{\"@type\":\"Organization\",\"@id\":\"https:\\\/\\\/www.linslerhof.de\\\/fr\\\/#organization\",\"name\":\"Linslerhof\",\"url\":\"https:\\\/\\\/www.linslerhof.de\\\/fr\\\/\",\"logo\":{\"@type\":\"ImageObject\",\"inLanguage\":\"fr-FR\",\"@id\":\"https:\\\/\\\/www.linslerhof.de\\\/fr\\\/#\\\/schema\\\/logo\\\/image\\\/\",\"url\":\"https:\\\/\\\/www.linslerhof.de\\\/wp-content\\\/uploads\\\/2020\\\/12\\\/Logo_2020.png\",\"contentUrl\":\"https:\\\/\\\/www.linslerhof.de\\\/wp-content\\\/uploads\\\/2020\\\/12\\\/Logo_2020.png\",\"width\":466,\"height\":300,\"caption\":\"Linslerhof\"},\"image\":{\"@id\":\"https:\\\/\\\/www.linslerhof.de\\\/fr\\\/#\\\/schema\\\/logo\\\/image\\\/\"},\"sameAs\":[\"https:\\\/\\\/www.facebook.com\\\/Linslerhof\",\"https:\\\/\\\/www.instagram.com\\\/linslerhof\\\/\"]},{\"@type\":\"Person\",\"@id\":\"https:\\\/\\\/www.linslerhof.de\\\/fr\\\/#\\\/schema\\\/person\\\/fdecd0f84a48f837b8ceef11fba619e6\",\"name\":\"Linslerhof\",\"image\":{\"@type\":\"ImageObject\",\"inLanguage\":\"fr-FR\",\"@id\":\"https:\\\/\\\/secure.gravatar.com\\\/avatar\\\/604e0f0d7a31fe2cdbd177814c97d7c5f454fb670c0a7aefd1c57ea0c119326d?s=96&d=mm&r=g\",\"url\":\"https:\\\/\\\/secure.gravatar.com\\\/avatar\\\/604e0f0d7a31fe2cdbd177814c97d7c5f454fb670c0a7aefd1c57ea0c119326d?s=96&d=mm&r=g\",\"contentUrl\":\"https:\\\/\\\/secure.gravatar.com\\\/avatar\\\/604e0f0d7a31fe2cdbd177814c97d7c5f454fb670c0a7aefd1c57ea0c119326d?s=96&d=mm&r=g\",\"caption\":\"Linslerhof\"},\"url\":\"https:\\\/\\\/www.linslerhof.de\\\/fr\\\/author\\\/usr_linslerhof_admin\\\/\"}]}<\/script>\n<!-- \/ Yoast SEO plugin. -->","yoast_head_json":{"title":"Miel d'abeille du Linslerhof | Linslerhof","robots":{"index":"index","follow":"follow","max-snippet":"max-snippet:-1","max-image-preview":"max-image-preview:large","max-video-preview":"max-video-preview:-1"},"canonical":"https:\/\/www.linslerhof.de\/fr\/miel-dabeille-du-linslerhof\/","og_locale":"fr_FR","og_type":"article","og_title":"Miel d'abeille du Linslerhof | Linslerhof","og_description":"\u00c0 la fin de l&rsquo;\u00e9t\u00e9 2019, nous avons install\u00e9 quelques colonies d&rsquo;abeilles de l&rsquo;apiculteur Olaf Jorzyk au Linslerhof. Depuis, les ruches sont install\u00e9es dans une prairie prot\u00e9g\u00e9e entre le pavillon de jardin et l&rsquo;\u00e9tang de l&rsquo;h\u00f4tel. Les petites abeilles laborieuses trouvent ici \u00e0 la ferme une nourriture vari\u00e9e, des ch\u00e2taigniers du Biergarten aux champs de...","og_url":"https:\/\/www.linslerhof.de\/fr\/miel-dabeille-du-linslerhof\/","og_site_name":"Linslerhof","article_publisher":"https:\/\/www.facebook.com\/Linslerhof","article_published_time":"2020-07-03T08:15:57+00:00","og_image":[{"url":"https:\/\/www.linslerhof.de\/wp-content\/uploads\/2020\/07\/blog-linslerhonig-lobby-300x177.jpg","type":"","width":"","height":""}],"author":"Linslerhof","twitter_card":"summary_large_image","twitter_misc":{"\u00c9crit par":"Linslerhof","Dur\u00e9e de lecture estim\u00e9e":"1 minute"},"schema":{"@context":"https:\/\/schema.org","@graph":[{"@type":"Article","@id":"https:\/\/www.linslerhof.de\/fr\/miel-dabeille-du-linslerhof\/#article","isPartOf":{"@id":"https:\/\/www.linslerhof.de\/fr\/miel-dabeille-du-linslerhof\/"},"author":{"name":"Linslerhof","@id":"https:\/\/www.linslerhof.de\/fr\/#\/schema\/person\/fdecd0f84a48f837b8ceef11fba619e6"},"headline":"Miel d&rsquo;abeille du Linslerhof","datePublished":"2020-07-03T08:15:57+00:00","mainEntityOfPage":{"@id":"https:\/\/www.linslerhof.de\/fr\/miel-dabeille-du-linslerhof\/"},"wordCount":165,"commentCount":0,"publisher":{"@id":"https:\/\/www.linslerhof.de\/fr\/#organization"},"image":{"@id":"https:\/\/www.linslerhof.de\/fr\/miel-dabeille-du-linslerhof\/#primaryimage"},"thumbnailUrl":"https:\/\/www.linslerhof.de\/wp-content\/uploads\/2020\/07\/blog-linslerhonig-lobby-300x177.jpg","keywords":["Abeilles","Apiculteur","Durabilit\u00e9","Miel"],"articleSection":["Mondes d'exp\u00e9rience"],"inLanguage":"fr-FR","potentialAction":[{"@type":"CommentAction","name":"Comment","target":["https:\/\/www.linslerhof.de\/fr\/miel-dabeille-du-linslerhof\/#respond"]}]},{"@type":"WebPage","@id":"https:\/\/www.linslerhof.de\/fr\/miel-dabeille-du-linslerhof\/","url":"https:\/\/www.linslerhof.de\/fr\/miel-dabeille-du-linslerhof\/","name":"Miel d'abeille du Linslerhof | Linslerhof","isPartOf":{"@id":"https:\/\/www.linslerhof.de\/fr\/#website"},"primaryImageOfPage":{"@id":"https:\/\/www.linslerhof.de\/fr\/miel-dabeille-du-linslerhof\/#primaryimage"},"image":{"@id":"https:\/\/www.linslerhof.de\/fr\/miel-dabeille-du-linslerhof\/#primaryimage"},"thumbnailUrl":"https:\/\/www.linslerhof.de\/wp-content\/uploads\/2020\/07\/blog-linslerhonig-lobby-300x177.jpg","datePublished":"2020-07-03T08:15:57+00:00","breadcrumb":{"@id":"https:\/\/www.linslerhof.de\/fr\/miel-dabeille-du-linslerhof\/#breadcrumb"},"inLanguage":"fr-FR","potentialAction":[{"@type":"ReadAction","target":["https:\/\/www.linslerhof.de\/fr\/miel-dabeille-du-linslerhof\/"]}]},{"@type":"ImageObject","inLanguage":"fr-FR","@id":"https:\/\/www.linslerhof.de\/fr\/miel-dabeille-du-linslerhof\/#primaryimage","url":"https:\/\/www.linslerhof.de\/wp-content\/uploads\/2020\/07\/blog-linslerhonig-lobby-300x177.jpg","contentUrl":"https:\/\/www.linslerhof.de\/wp-content\/uploads\/2020\/07\/blog-linslerhonig-lobby-300x177.jpg"},{"@type":"BreadcrumbList","@id":"https:\/\/www.linslerhof.de\/fr\/miel-dabeille-du-linslerhof\/#breadcrumb","itemListElement":[{"@type":"ListItem","position":1,"name":"Startseite","item":"https:\/\/www.linslerhof.de\/fr\/hotel-4-etoiles-en-sarre\/"},{"@type":"ListItem","position":2,"name":"Miel d&#8217;abeille du Linslerhof"}]},{"@type":"WebSite","@id":"https:\/\/www.linslerhof.de\/fr\/#website","url":"https:\/\/www.linslerhof.de\/fr\/","name":"Linslerhof","description":"Historischer Gutshof","publisher":{"@id":"https:\/\/www.linslerhof.de\/fr\/#organization"},"potentialAction":[{"@type":"SearchAction","target":{"@type":"EntryPoint","urlTemplate":"https:\/\/www.linslerhof.de\/fr\/?s={search_term_string}"},"query-input":{"@type":"PropertyValueSpecification","valueRequired":true,"valueName":"search_term_string"}}],"inLanguage":"fr-FR"},{"@type":"Organization","@id":"https:\/\/www.linslerhof.de\/fr\/#organization","name":"Linslerhof","url":"https:\/\/www.linslerhof.de\/fr\/","logo":{"@type":"ImageObject","inLanguage":"fr-FR","@id":"https:\/\/www.linslerhof.de\/fr\/#\/schema\/logo\/image\/","url":"https:\/\/www.linslerhof.de\/wp-content\/uploads\/2020\/12\/Logo_2020.png","contentUrl":"https:\/\/www.linslerhof.de\/wp-content\/uploads\/2020\/12\/Logo_2020.png","width":466,"height":300,"caption":"Linslerhof"},"image":{"@id":"https:\/\/www.linslerhof.de\/fr\/#\/schema\/logo\/image\/"},"sameAs":["https:\/\/www.facebook.com\/Linslerhof","https:\/\/www.instagram.com\/linslerhof\/"]},{"@type":"Person","@id":"https:\/\/www.linslerhof.de\/fr\/#\/schema\/person\/fdecd0f84a48f837b8ceef11fba619e6","name":"Linslerhof","image":{"@type":"ImageObject","inLanguage":"fr-FR","@id":"https:\/\/secure.gravatar.com\/avatar\/604e0f0d7a31fe2cdbd177814c97d7c5f454fb670c0a7aefd1c57ea0c119326d?s=96&d=mm&r=g","url":"https:\/\/secure.gravatar.com\/avatar\/604e0f0d7a31fe2cdbd177814c97d7c5f454fb670c0a7aefd1c57ea0c119326d?s=96&d=mm&r=g","contentUrl":"https:\/\/secure.gravatar.com\/avatar\/604e0f0d7a31fe2cdbd177814c97d7c5f454fb670c0a7aefd1c57ea0c119326d?s=96&d=mm&r=g","caption":"Linslerhof"},"url":"https:\/\/www.linslerhof.de\/fr\/author\/usr_linslerhof_admin\/"}]}},"_links":{"self":[{"href":"https:\/\/www.linslerhof.de\/fr\/wp-json\/wp\/v2\/posts\/33744","targetHints":{"allow":["GET"]}}],"collection":[{"href":"https:\/\/www.linslerhof.de\/fr\/wp-json\/wp\/v2\/posts"}],"about":[{"href":"https:\/\/www.linslerhof.de\/fr\/wp-json\/wp\/v2\/types\/post"}],"author":[{"embeddable":true,"href":"https:\/\/www.linslerhof.de\/fr\/wp-json\/wp\/v2\/users\/3"}],"replies":[{"embeddable":true,"href":"https:\/\/www.linslerhof.de\/fr\/wp-json\/wp\/v2\/comments?post=33744"}],"version-history":[{"count":0,"href":"https:\/\/www.linslerhof.de\/fr\/wp-json\/wp\/v2\/posts\/33744\/revisions"}],"wp:attachment":[{"href":"https:\/\/www.linslerhof.de\/fr\/wp-json\/wp\/v2\/media?parent=33744"}],"wp:term":[{"taxonomy":"category","embeddable":true,"href":"https:\/\/www.linslerhof.de\/fr\/wp-json\/wp\/v2\/categories?post=33744"},{"taxonomy":"post_tag","embeddable":true,"href":"https:\/\/www.linslerhof.de\/fr\/wp-json\/wp\/v2\/tags?post=33744"}],"curies":[{"name":"wp","href":"https:\/\/api.w.org\/{rel}","templated":true}]}}