{"id":33821,"date":"2021-04-26T09:46:44","date_gmt":"2021-04-26T07:46:44","guid":{"rendered":"https:\/\/dev.linslerhof.de\/enfants-du-soleil-splendeur-des-fleurs\/"},"modified":"2021-04-26T09:46:44","modified_gmt":"2021-04-26T07:46:44","slug":"enfants-du-soleil-splendeur-des-fleurs","status":"publish","type":"post","link":"https:\/\/www.linslerhof.de\/fr\/enfants-du-soleil-splendeur-des-fleurs\/","title":{"rendered":"Enfants du soleil &#8211; splendeur des fleurs"},"content":{"rendered":"<h3>Cette splendeur florale enchante la maison et le jardin<\/h3>\n<p>Au d\u00e9but de la saison de jardinage, chaque fleur du jardin est encore admir\u00e9e &#8211; comme un messager du printemps. Et puis le soleil monte de plus en plus vite dans le ciel et c&rsquo;est une v\u00e9ritable mer de fleurs qui se d\u00e9ploie. Tout d&rsquo;abord, les arbres fruitiers montrent toute leur splendeur. En mai, les bourgeons de nombreuses plantes vivaces et les fleurs de roses pr\u00e9coces s&rsquo;ouvrent dans les plates-bandes. Paeonias, iris et buissons de lilas ; on aimerait embrasser le monde entier et on ne sait pas comment rendre justice \u00e0 cette effervescence parfum\u00e9e. C&rsquo;est un v\u00e9ritable d\u00e9lice avec lequel la nature nous pr\u00e9pare \u00e0 l&rsquo;\u00e9t\u00e9 ; et juste avant la position maximale du soleil, le 21 juin, tout se presse dehors avec exub\u00e9rance vers la lumi\u00e8re omnipr\u00e9sente. Il faut c\u00e9l\u00e9brer ce moment quand il est dans l&rsquo;air. Par exemple, avec des d\u00e9corations florales luxuriantes, dans lesquelles toute la richesse de la nature est visible. Les jours plus calmes vont certainement arriver, c&rsquo;est pourquoi l&rsquo;aspect visuel peut maintenant \u00eatre plut\u00f4t bruyant. Avec un festival de couleurs \u00e9vident et une sensualit\u00e9 pleine de vie !<\/p>\n<p><img decoding=\"async\" class=\"alignnone size-medium wp-image-10001\" src=\"https:\/\/dev.linslerhof.de\/wp-content\/uploads\/2021\/04\/sonnenkinder-flower-design-300x217.jpg\" alt=\"\" width=\"300\" height=\"217\" srcset=\"https:\/\/www.linslerhof.de\/wp-content\/uploads\/2021\/04\/sonnenkinder-flower-design-300x217.jpg 300w, https:\/\/www.linslerhof.de\/wp-content\/uploads\/2021\/04\/sonnenkinder-flower-design.jpg 600w\" sizes=\"(max-width: 300px) 100vw, 300px\" \/><\/p>\n<p>La reine des fleurs se montre de plus en plus souvent dans son habit traditionnel. Il s&rsquo;agit de nouvelles obtentions d&rsquo;anciennes vari\u00e9t\u00e9s de roses qui sentent \u00e0 nouveau bon et dont les fleurs pleines envo\u00fbtent le spectateur. L&rsquo;Anglais David Austen a montr\u00e9 la voie et, depuis, de nombreux \u00e9leveurs l&rsquo;ont suivie sur le continent. Leur travail peut \u00eatre vu, par exemple comme un grand bouquet dans une coupe en argent. Il r\u00e9unit de mani\u00e8re pittoresque les fleurs de la rose dite anglaise \u00ab\u00a0Walzertraum\u00a0\u00bb de couleur pourpre et de la rose abricot \u00ab\u00a0Augusta Louise\u00a0\u00bb. Avec eux : le paeonium \u00ab\u00a0Karl Rosenfield\u00a0\u00bb et des hortensias en vieux rose.<\/p>\n<p>&nbsp;<\/p>\n<p><img decoding=\"async\" class=\"alignnone size-medium wp-image-9999\" src=\"https:\/\/dev.linslerhof.de\/wp-content\/uploads\/2021\/04\/kerze-gruen-tischdeko-300x217.jpg\" alt=\"\" width=\"300\" height=\"217\" srcset=\"https:\/\/www.linslerhof.de\/wp-content\/uploads\/2021\/04\/kerze-gruen-tischdeko-300x217.jpg 300w, https:\/\/www.linslerhof.de\/wp-content\/uploads\/2021\/04\/kerze-gruen-tischdeko.jpg 600w\" sizes=\"(max-width: 300px) 100vw, 300px\" \/><\/p>\n<p>Sur cette table, les roses anglaises ne sont pas les seules \u00e0 avoir un effet baroque, avec leurs innombrables p\u00e9tales qui s&rsquo;\u00e9cartent vers l&rsquo;ext\u00e9rieur, serr\u00e9s les uns contre les autres. Le vase en argent \u00e9vas\u00e9 et la porcelaine avec un d\u00e9cor de poissons peint \u00e0 la main nous transportent \u00e9galement dans une autre \u00e9poque. Pourtant, cette splendeur est bien r\u00e9elle et \u00e9veille des sentiments romantiques qui permettent de prendre de la distance par rapport \u00e0 un quotidien trop rectiligne. Linge de table aux carreaux de cuisine familiers, petits vases en verre peints \u00e0 la main et coupes en cristal &#8211; ce r\u00eave sensuel peut aussi \u00eatre r\u00e9alis\u00e9 de mani\u00e8re ludique au troisi\u00e8me mill\u00e9naire &#8230;<\/p>\n<p>&nbsp;<\/p>\n<p><img decoding=\"async\" class=\"alignnone size-medium wp-image-9998\" src=\"https:\/\/dev.linslerhof.de\/wp-content\/uploads\/2021\/04\/cirrus-pflanzkuebelr-form-300x217.jpg\" alt=\"\" width=\"300\" height=\"217\" srcset=\"https:\/\/www.linslerhof.de\/wp-content\/uploads\/2021\/04\/cirrus-pflanzkuebelr-form-300x217.jpg 300w, https:\/\/www.linslerhof.de\/wp-content\/uploads\/2021\/04\/cirrus-pflanzkuebelr-form.jpg 600w\" sizes=\"(max-width: 300px) 100vw, 300px\" \/><\/p>\n<p>Le romantisme des roses sauvages pour le rebord de la fen\u00eatre. Un d\u00e9licat motif de roses sauvages orne ces <a href=\"https:\/\/www.bevonboch.com\/wohnaccessoires\/vasen\/cirrus-cache-pot-klein\/a-1007897\/?campaign=blog_artikel-kw28\" target=\"_blank\" rel=\"noopener\">cache-pots<\/a> courbes en <a href=\"https:\/\/www.bevonboch.com\/wohnaccessoires\/vasen\/cirrus-cache-pot-klein\/a-1007897\/?campaign=blog_artikel-kw28\" target=\"_blank\" rel=\"noopener\">c\u00e9ramique<\/a>, sur les c\u00f4t\u00e9s desquels d&rsquo;\u00e9troites encoches font office de poign\u00e9es. L&rsquo;\u00e9mail craquel\u00e9 ajoute encore au charme nostalgique de ces r\u00e9cipients teint\u00e9s de rose et de vert, qui peuvent \u00eatre garnis de fleurs, mais aussi de pots d&rsquo;herbes fra\u00eeches dans la cuisine.<\/p>\n<p>&nbsp;<\/p>\n<p><img decoding=\"async\" class=\"alignnone size-medium wp-image-9997\" src=\"https:\/\/dev.linslerhof.de\/wp-content\/uploads\/2021\/04\/sonnenkinder-flower-design-inhalt-300x217.jpg\" alt=\"\" width=\"300\" height=\"217\" srcset=\"https:\/\/www.linslerhof.de\/wp-content\/uploads\/2021\/04\/sonnenkinder-flower-design-inhalt-300x217.jpg 300w, https:\/\/www.linslerhof.de\/wp-content\/uploads\/2021\/04\/sonnenkinder-flower-design-inhalt.jpg 600w\" sizes=\"(max-width: 300px) 100vw, 300px\" \/><\/p>\n<p>R\u00e9sum\u00e9 de \u00ab\u00a0Living 03\/2007<\/p>\n","protected":false},"excerpt":{"rendered":"<p>Cette splendeur florale enchante la maison et le jardin Au d\u00e9but de la saison de jardinage, chaque fleur du jardin est encore admir\u00e9e &#8211; comme un messager du printemps. Et puis le soleil monte de plus en plus vite dans le ciel et c&rsquo;est une v\u00e9ritable mer de fleurs qui se d\u00e9ploie. Tout d&rsquo;abord, les&#8230;<\/p>\n","protected":false},"author":4,"featured_media":33832,"comment_status":"open","ping_status":"open","sticky":false,"template":"","format":"standard","meta":{"footnotes":""},"categories":[468],"tags":[540,538,539],"class_list":["post-33821","post","type-post","status-publish","format-standard","has-post-thumbnail","hentry","category-non-classifiee","tag-decoration-fr-2","tag-fleurs","tag-splendeur-des-fleurs"],"yoast_head":"<!-- This site is optimized with the Yoast SEO plugin v27.5 - https:\/\/yoast.com\/product\/yoast-seo-wordpress\/ -->\n<title>Enfants du soleil - splendeur des fleurs | Linslerhof<\/title>\n<meta name=\"robots\" content=\"index, follow, max-snippet:-1, max-image-preview:large, max-video-preview:-1\" \/>\n<link rel=\"canonical\" href=\"https:\/\/www.linslerhof.de\/fr\/enfants-du-soleil-splendeur-des-fleurs\/\" \/>\n<meta property=\"og:locale\" content=\"fr_FR\" \/>\n<meta property=\"og:type\" content=\"article\" \/>\n<meta property=\"og:title\" content=\"Enfants du soleil - splendeur des fleurs | Linslerhof\" \/>\n<meta property=\"og:description\" content=\"Cette splendeur florale enchante la maison et le jardin Au d\u00e9but de la saison de jardinage, chaque fleur du jardin est encore admir\u00e9e &#8211; comme un messager du printemps. Et puis le soleil monte de plus en plus vite dans le ciel et c&rsquo;est une v\u00e9ritable mer de fleurs qui se d\u00e9ploie. Tout d&rsquo;abord, les...\" \/>\n<meta property=\"og:url\" content=\"https:\/\/www.linslerhof.de\/fr\/enfants-du-soleil-splendeur-des-fleurs\/\" \/>\n<meta property=\"og:site_name\" content=\"Linslerhof\" \/>\n<meta property=\"article:publisher\" content=\"https:\/\/www.facebook.com\/Linslerhof\" \/>\n<meta property=\"article:published_time\" content=\"2021-04-26T07:46:44+00:00\" \/>\n<meta property=\"og:image\" content=\"https:\/\/www.linslerhof.de\/wp-content\/uploads\/2021\/04\/cover-sonnenkinder-flower-design.jpg\" \/>\n\t<meta property=\"og:image:width\" content=\"876\" \/>\n\t<meta property=\"og:image:height\" content=\"374\" \/>\n\t<meta property=\"og:image:type\" content=\"image\/jpeg\" \/>\n<meta name=\"author\" content=\"sthuemmler\" \/>\n<meta name=\"twitter:card\" content=\"summary_large_image\" \/>\n<meta name=\"twitter:label1\" content=\"\u00c9crit par\" \/>\n\t<meta name=\"twitter:data1\" content=\"sthuemmler\" \/>\n\t<meta name=\"twitter:label2\" content=\"Dur\u00e9e de lecture estim\u00e9e\" \/>\n\t<meta name=\"twitter:data2\" content=\"3 minutes\" \/>\n<script type=\"application\/ld+json\" class=\"yoast-schema-graph\">{\"@context\":\"https:\\\/\\\/schema.org\",\"@graph\":[{\"@type\":\"Article\",\"@id\":\"https:\\\/\\\/www.linslerhof.de\\\/fr\\\/enfants-du-soleil-splendeur-des-fleurs\\\/#article\",\"isPartOf\":{\"@id\":\"https:\\\/\\\/www.linslerhof.de\\\/fr\\\/enfants-du-soleil-splendeur-des-fleurs\\\/\"},\"author\":{\"name\":\"sthuemmler\",\"@id\":\"https:\\\/\\\/www.linslerhof.de\\\/fr\\\/#\\\/schema\\\/person\\\/a9f6e473bfcfe67049684d906daaa066\"},\"headline\":\"Enfants du soleil &#8211; splendeur des fleurs\",\"datePublished\":\"2021-04-26T07:46:44+00:00\",\"mainEntityOfPage\":{\"@id\":\"https:\\\/\\\/www.linslerhof.de\\\/fr\\\/enfants-du-soleil-splendeur-des-fleurs\\\/\"},\"wordCount\":536,\"commentCount\":0,\"publisher\":{\"@id\":\"https:\\\/\\\/www.linslerhof.de\\\/fr\\\/#organization\"},\"image\":{\"@id\":\"https:\\\/\\\/www.linslerhof.de\\\/fr\\\/enfants-du-soleil-splendeur-des-fleurs\\\/#primaryimage\"},\"thumbnailUrl\":\"https:\\\/\\\/www.linslerhof.de\\\/wp-content\\\/uploads\\\/2021\\\/04\\\/cover-sonnenkinder-flower-design.jpg\",\"keywords\":[\"D\u00e9coration\",\"Fleurs\",\"Splendeur des fleurs\"],\"articleSection\":[\"Non classifi\u00e9(e)\"],\"inLanguage\":\"fr-FR\",\"potentialAction\":[{\"@type\":\"CommentAction\",\"name\":\"Comment\",\"target\":[\"https:\\\/\\\/www.linslerhof.de\\\/fr\\\/enfants-du-soleil-splendeur-des-fleurs\\\/#respond\"]}]},{\"@type\":\"WebPage\",\"@id\":\"https:\\\/\\\/www.linslerhof.de\\\/fr\\\/enfants-du-soleil-splendeur-des-fleurs\\\/\",\"url\":\"https:\\\/\\\/www.linslerhof.de\\\/fr\\\/enfants-du-soleil-splendeur-des-fleurs\\\/\",\"name\":\"Enfants du soleil - splendeur des fleurs | Linslerhof\",\"isPartOf\":{\"@id\":\"https:\\\/\\\/www.linslerhof.de\\\/fr\\\/#website\"},\"primaryImageOfPage\":{\"@id\":\"https:\\\/\\\/www.linslerhof.de\\\/fr\\\/enfants-du-soleil-splendeur-des-fleurs\\\/#primaryimage\"},\"image\":{\"@id\":\"https:\\\/\\\/www.linslerhof.de\\\/fr\\\/enfants-du-soleil-splendeur-des-fleurs\\\/#primaryimage\"},\"thumbnailUrl\":\"https:\\\/\\\/www.linslerhof.de\\\/wp-content\\\/uploads\\\/2021\\\/04\\\/cover-sonnenkinder-flower-design.jpg\",\"datePublished\":\"2021-04-26T07:46:44+00:00\",\"breadcrumb\":{\"@id\":\"https:\\\/\\\/www.linslerhof.de\\\/fr\\\/enfants-du-soleil-splendeur-des-fleurs\\\/#breadcrumb\"},\"inLanguage\":\"fr-FR\",\"potentialAction\":[{\"@type\":\"ReadAction\",\"target\":[\"https:\\\/\\\/www.linslerhof.de\\\/fr\\\/enfants-du-soleil-splendeur-des-fleurs\\\/\"]}]},{\"@type\":\"ImageObject\",\"inLanguage\":\"fr-FR\",\"@id\":\"https:\\\/\\\/www.linslerhof.de\\\/fr\\\/enfants-du-soleil-splendeur-des-fleurs\\\/#primaryimage\",\"url\":\"https:\\\/\\\/www.linslerhof.de\\\/wp-content\\\/uploads\\\/2021\\\/04\\\/cover-sonnenkinder-flower-design.jpg\",\"contentUrl\":\"https:\\\/\\\/www.linslerhof.de\\\/wp-content\\\/uploads\\\/2021\\\/04\\\/cover-sonnenkinder-flower-design.jpg\",\"width\":876,\"height\":374,\"caption\":\"cover-sonnenkinder-flower-design\"},{\"@type\":\"BreadcrumbList\",\"@id\":\"https:\\\/\\\/www.linslerhof.de\\\/fr\\\/enfants-du-soleil-splendeur-des-fleurs\\\/#breadcrumb\",\"itemListElement\":[{\"@type\":\"ListItem\",\"position\":1,\"name\":\"Startseite\",\"item\":\"https:\\\/\\\/www.linslerhof.de\\\/fr\\\/hotel-4-etoiles-en-sarre\\\/\"},{\"@type\":\"ListItem\",\"position\":2,\"name\":\"Enfants du soleil &#8211; splendeur des fleurs\"}]},{\"@type\":\"WebSite\",\"@id\":\"https:\\\/\\\/www.linslerhof.de\\\/fr\\\/#website\",\"url\":\"https:\\\/\\\/www.linslerhof.de\\\/fr\\\/\",\"name\":\"Linslerhof\",\"description\":\"Historischer Gutshof\",\"publisher\":{\"@id\":\"https:\\\/\\\/www.linslerhof.de\\\/fr\\\/#organization\"},\"potentialAction\":[{\"@type\":\"SearchAction\",\"target\":{\"@type\":\"EntryPoint\",\"urlTemplate\":\"https:\\\/\\\/www.linslerhof.de\\\/fr\\\/?s={search_term_string}\"},\"query-input\":{\"@type\":\"PropertyValueSpecification\",\"valueRequired\":true,\"valueName\":\"search_term_string\"}}],\"inLanguage\":\"fr-FR\"},{\"@type\":\"Organization\",\"@id\":\"https:\\\/\\\/www.linslerhof.de\\\/fr\\\/#organization\",\"name\":\"Linslerhof\",\"url\":\"https:\\\/\\\/www.linslerhof.de\\\/fr\\\/\",\"logo\":{\"@type\":\"ImageObject\",\"inLanguage\":\"fr-FR\",\"@id\":\"https:\\\/\\\/www.linslerhof.de\\\/fr\\\/#\\\/schema\\\/logo\\\/image\\\/\",\"url\":\"https:\\\/\\\/www.linslerhof.de\\\/wp-content\\\/uploads\\\/2020\\\/12\\\/Logo_2020.png\",\"contentUrl\":\"https:\\\/\\\/www.linslerhof.de\\\/wp-content\\\/uploads\\\/2020\\\/12\\\/Logo_2020.png\",\"width\":466,\"height\":300,\"caption\":\"Linslerhof\"},\"image\":{\"@id\":\"https:\\\/\\\/www.linslerhof.de\\\/fr\\\/#\\\/schema\\\/logo\\\/image\\\/\"},\"sameAs\":[\"https:\\\/\\\/www.facebook.com\\\/Linslerhof\",\"https:\\\/\\\/www.instagram.com\\\/linslerhof\\\/\"]},{\"@type\":\"Person\",\"@id\":\"https:\\\/\\\/www.linslerhof.de\\\/fr\\\/#\\\/schema\\\/person\\\/a9f6e473bfcfe67049684d906daaa066\",\"name\":\"sthuemmler\",\"image\":{\"@type\":\"ImageObject\",\"inLanguage\":\"fr-FR\",\"@id\":\"https:\\\/\\\/secure.gravatar.com\\\/avatar\\\/bfc762dc38090e0074783a2359c30fea2df48d106da6d3d5fc922e42902f93d1?s=96&d=mm&r=g\",\"url\":\"https:\\\/\\\/secure.gravatar.com\\\/avatar\\\/bfc762dc38090e0074783a2359c30fea2df48d106da6d3d5fc922e42902f93d1?s=96&d=mm&r=g\",\"contentUrl\":\"https:\\\/\\\/secure.gravatar.com\\\/avatar\\\/bfc762dc38090e0074783a2359c30fea2df48d106da6d3d5fc922e42902f93d1?s=96&d=mm&r=g\",\"caption\":\"sthuemmler\"},\"url\":\"https:\\\/\\\/www.linslerhof.de\\\/fr\\\/author\\\/sthuemmler\\\/\"}]}<\/script>\n<!-- \/ Yoast SEO plugin. -->","yoast_head_json":{"title":"Enfants du soleil - splendeur des fleurs | Linslerhof","robots":{"index":"index","follow":"follow","max-snippet":"max-snippet:-1","max-image-preview":"max-image-preview:large","max-video-preview":"max-video-preview:-1"},"canonical":"https:\/\/www.linslerhof.de\/fr\/enfants-du-soleil-splendeur-des-fleurs\/","og_locale":"fr_FR","og_type":"article","og_title":"Enfants du soleil - splendeur des fleurs | Linslerhof","og_description":"Cette splendeur florale enchante la maison et le jardin Au d\u00e9but de la saison de jardinage, chaque fleur du jardin est encore admir\u00e9e &#8211; comme un messager du printemps. Et puis le soleil monte de plus en plus vite dans le ciel et c&rsquo;est une v\u00e9ritable mer de fleurs qui se d\u00e9ploie. Tout d&rsquo;abord, les...","og_url":"https:\/\/www.linslerhof.de\/fr\/enfants-du-soleil-splendeur-des-fleurs\/","og_site_name":"Linslerhof","article_publisher":"https:\/\/www.facebook.com\/Linslerhof","article_published_time":"2021-04-26T07:46:44+00:00","og_image":[{"width":876,"height":374,"url":"https:\/\/www.linslerhof.de\/wp-content\/uploads\/2021\/04\/cover-sonnenkinder-flower-design.jpg","type":"image\/jpeg"}],"author":"sthuemmler","twitter_card":"summary_large_image","twitter_misc":{"\u00c9crit par":"sthuemmler","Dur\u00e9e de lecture estim\u00e9e":"3 minutes"},"schema":{"@context":"https:\/\/schema.org","@graph":[{"@type":"Article","@id":"https:\/\/www.linslerhof.de\/fr\/enfants-du-soleil-splendeur-des-fleurs\/#article","isPartOf":{"@id":"https:\/\/www.linslerhof.de\/fr\/enfants-du-soleil-splendeur-des-fleurs\/"},"author":{"name":"sthuemmler","@id":"https:\/\/www.linslerhof.de\/fr\/#\/schema\/person\/a9f6e473bfcfe67049684d906daaa066"},"headline":"Enfants du soleil &#8211; splendeur des fleurs","datePublished":"2021-04-26T07:46:44+00:00","mainEntityOfPage":{"@id":"https:\/\/www.linslerhof.de\/fr\/enfants-du-soleil-splendeur-des-fleurs\/"},"wordCount":536,"commentCount":0,"publisher":{"@id":"https:\/\/www.linslerhof.de\/fr\/#organization"},"image":{"@id":"https:\/\/www.linslerhof.de\/fr\/enfants-du-soleil-splendeur-des-fleurs\/#primaryimage"},"thumbnailUrl":"https:\/\/www.linslerhof.de\/wp-content\/uploads\/2021\/04\/cover-sonnenkinder-flower-design.jpg","keywords":["D\u00e9coration","Fleurs","Splendeur des fleurs"],"articleSection":["Non classifi\u00e9(e)"],"inLanguage":"fr-FR","potentialAction":[{"@type":"CommentAction","name":"Comment","target":["https:\/\/www.linslerhof.de\/fr\/enfants-du-soleil-splendeur-des-fleurs\/#respond"]}]},{"@type":"WebPage","@id":"https:\/\/www.linslerhof.de\/fr\/enfants-du-soleil-splendeur-des-fleurs\/","url":"https:\/\/www.linslerhof.de\/fr\/enfants-du-soleil-splendeur-des-fleurs\/","name":"Enfants du soleil - splendeur des fleurs | Linslerhof","isPartOf":{"@id":"https:\/\/www.linslerhof.de\/fr\/#website"},"primaryImageOfPage":{"@id":"https:\/\/www.linslerhof.de\/fr\/enfants-du-soleil-splendeur-des-fleurs\/#primaryimage"},"image":{"@id":"https:\/\/www.linslerhof.de\/fr\/enfants-du-soleil-splendeur-des-fleurs\/#primaryimage"},"thumbnailUrl":"https:\/\/www.linslerhof.de\/wp-content\/uploads\/2021\/04\/cover-sonnenkinder-flower-design.jpg","datePublished":"2021-04-26T07:46:44+00:00","breadcrumb":{"@id":"https:\/\/www.linslerhof.de\/fr\/enfants-du-soleil-splendeur-des-fleurs\/#breadcrumb"},"inLanguage":"fr-FR","potentialAction":[{"@type":"ReadAction","target":["https:\/\/www.linslerhof.de\/fr\/enfants-du-soleil-splendeur-des-fleurs\/"]}]},{"@type":"ImageObject","inLanguage":"fr-FR","@id":"https:\/\/www.linslerhof.de\/fr\/enfants-du-soleil-splendeur-des-fleurs\/#primaryimage","url":"https:\/\/www.linslerhof.de\/wp-content\/uploads\/2021\/04\/cover-sonnenkinder-flower-design.jpg","contentUrl":"https:\/\/www.linslerhof.de\/wp-content\/uploads\/2021\/04\/cover-sonnenkinder-flower-design.jpg","width":876,"height":374,"caption":"cover-sonnenkinder-flower-design"},{"@type":"BreadcrumbList","@id":"https:\/\/www.linslerhof.de\/fr\/enfants-du-soleil-splendeur-des-fleurs\/#breadcrumb","itemListElement":[{"@type":"ListItem","position":1,"name":"Startseite","item":"https:\/\/www.linslerhof.de\/fr\/hotel-4-etoiles-en-sarre\/"},{"@type":"ListItem","position":2,"name":"Enfants du soleil &#8211; splendeur des fleurs"}]},{"@type":"WebSite","@id":"https:\/\/www.linslerhof.de\/fr\/#website","url":"https:\/\/www.linslerhof.de\/fr\/","name":"Linslerhof","description":"Historischer Gutshof","publisher":{"@id":"https:\/\/www.linslerhof.de\/fr\/#organization"},"potentialAction":[{"@type":"SearchAction","target":{"@type":"EntryPoint","urlTemplate":"https:\/\/www.linslerhof.de\/fr\/?s={search_term_string}"},"query-input":{"@type":"PropertyValueSpecification","valueRequired":true,"valueName":"search_term_string"}}],"inLanguage":"fr-FR"},{"@type":"Organization","@id":"https:\/\/www.linslerhof.de\/fr\/#organization","name":"Linslerhof","url":"https:\/\/www.linslerhof.de\/fr\/","logo":{"@type":"ImageObject","inLanguage":"fr-FR","@id":"https:\/\/www.linslerhof.de\/fr\/#\/schema\/logo\/image\/","url":"https:\/\/www.linslerhof.de\/wp-content\/uploads\/2020\/12\/Logo_2020.png","contentUrl":"https:\/\/www.linslerhof.de\/wp-content\/uploads\/2020\/12\/Logo_2020.png","width":466,"height":300,"caption":"Linslerhof"},"image":{"@id":"https:\/\/www.linslerhof.de\/fr\/#\/schema\/logo\/image\/"},"sameAs":["https:\/\/www.facebook.com\/Linslerhof","https:\/\/www.instagram.com\/linslerhof\/"]},{"@type":"Person","@id":"https:\/\/www.linslerhof.de\/fr\/#\/schema\/person\/a9f6e473bfcfe67049684d906daaa066","name":"sthuemmler","image":{"@type":"ImageObject","inLanguage":"fr-FR","@id":"https:\/\/secure.gravatar.com\/avatar\/bfc762dc38090e0074783a2359c30fea2df48d106da6d3d5fc922e42902f93d1?s=96&d=mm&r=g","url":"https:\/\/secure.gravatar.com\/avatar\/bfc762dc38090e0074783a2359c30fea2df48d106da6d3d5fc922e42902f93d1?s=96&d=mm&r=g","contentUrl":"https:\/\/secure.gravatar.com\/avatar\/bfc762dc38090e0074783a2359c30fea2df48d106da6d3d5fc922e42902f93d1?s=96&d=mm&r=g","caption":"sthuemmler"},"url":"https:\/\/www.linslerhof.de\/fr\/author\/sthuemmler\/"}]}},"_links":{"self":[{"href":"https:\/\/www.linslerhof.de\/fr\/wp-json\/wp\/v2\/posts\/33821","targetHints":{"allow":["GET"]}}],"collection":[{"href":"https:\/\/www.linslerhof.de\/fr\/wp-json\/wp\/v2\/posts"}],"about":[{"href":"https:\/\/www.linslerhof.de\/fr\/wp-json\/wp\/v2\/types\/post"}],"author":[{"embeddable":true,"href":"https:\/\/www.linslerhof.de\/fr\/wp-json\/wp\/v2\/users\/4"}],"replies":[{"embeddable":true,"href":"https:\/\/www.linslerhof.de\/fr\/wp-json\/wp\/v2\/comments?post=33821"}],"version-history":[{"count":0,"href":"https:\/\/www.linslerhof.de\/fr\/wp-json\/wp\/v2\/posts\/33821\/revisions"}],"wp:featuredmedia":[{"embeddable":true,"href":"https:\/\/www.linslerhof.de\/fr\/wp-json\/wp\/v2\/media\/33832"}],"wp:attachment":[{"href":"https:\/\/www.linslerhof.de\/fr\/wp-json\/wp\/v2\/media?parent=33821"}],"wp:term":[{"taxonomy":"category","embeddable":true,"href":"https:\/\/www.linslerhof.de\/fr\/wp-json\/wp\/v2\/categories?post=33821"},{"taxonomy":"post_tag","embeddable":true,"href":"https:\/\/www.linslerhof.de\/fr\/wp-json\/wp\/v2\/tags?post=33821"}],"curies":[{"name":"wp","href":"https:\/\/api.w.org\/{rel}","templated":true}]}}