{"id":41771,"date":"2024-12-20T13:09:02","date_gmt":"2024-12-20T12:09:02","guid":{"rendered":"https:\/\/www.linslerhof.de\/combien-de-temps-a-lavance-dois-je-reserver-une-salle-de-reunion-pour-mon-evenement\/"},"modified":"2024-12-20T13:09:02","modified_gmt":"2024-12-20T12:09:02","slug":"combien-de-temps-a-lavance-dois-je-reserver-une-salle-de-reunion-pour-mon-evenement","status":"publish","type":"post","link":"https:\/\/www.linslerhof.de\/fr\/combien-de-temps-a-lavance-dois-je-reserver-une-salle-de-reunion-pour-mon-evenement\/","title":{"rendered":"Combien de temps \u00e0 l&rsquo;avance dois-je r\u00e9server une salle de r\u00e9union pour mon \u00e9v\u00e9nement ?"},"content":{"rendered":"<p>R\u00e9server une salle de r\u00e9union \u00e0 l&rsquo;avance est essentiel pour la r\u00e9ussite de votre \u00e9v\u00e9nement. Voici quelques consid\u00e9rations et recommandations importantes sur la mani\u00e8re dont vous devriez r\u00e9server une salle de r\u00e9union \u00e0 l&rsquo;avance pour \u00eatre s\u00fbr de trouver la salle parfaite pour vos besoins. <strong>1. type et taille de l&rsquo;\u00e9v\u00e9nement<\/strong><br \/>\nLe moment de la r\u00e9servation d\u00e9pend fortement du type et de la taille de votre \u00e9v\u00e9nement. Pour les petites r\u00e9unions ou les ateliers de courte dur\u00e9e, un d\u00e9lai de quelques semaines peut \u00eatre suffisant. En revanche, pour les grandes conf\u00e9rences, les s\u00e9minaires ou les \u00e9v\u00e9nements de plusieurs jours, vous devez pr\u00e9voir beaucoup plus de temps. &#8211; Petites r\u00e9unions et ateliers : 2 \u00e0 4 semaines \u00e0 l&rsquo;avance<br \/>\n&#8211; \u00c9v\u00e9nements de taille moyenne et s\u00e9minaires : 3 \u00e0 6 mois \u00e0 l&rsquo;avance<br \/>\n&#8211; Grandes conf\u00e9rences et \u00e9v\u00e9nements de plusieurs jours : 6 \u00e0 12 mois \u00e0 l&rsquo;avance <strong>2. Popularit\u00e9 et disponibilit\u00e9 de la salle de r\u00e9union<\/strong><br \/>\nLes lieux populaires peuvent \u00eatre rapidement complets, en particulier pendant la haute saison ou \u00e0 des dates populaires. Il est important d&rsquo;en tenir compte lors de la planification de votre emploi du temps. <\/p>\n<p><strong><img decoding=\"async\" class=\"alignnone size-medium wp-image-41764\" src=\"https:\/\/www.linslerhof.de\/wp-content\/uploads\/2024\/12\/tagungsblog1-300x183.jpg\" alt=\"\" width=\"300\" height=\"183\" srcset=\"https:\/\/www.linslerhof.de\/wp-content\/uploads\/2024\/12\/tagungsblog1-300x183.jpg 300w, https:\/\/www.linslerhof.de\/wp-content\/uploads\/2024\/12\/tagungsblog1.jpg 600w\" sizes=\"(max-width: 300px) 100vw, 300px\" \/><\/strong><\/p>\n<p><strong>3. s\u00e9curit\u00e9 de la planification et pr\u00e9paration<\/strong><br \/>\nUne r\u00e9servation anticip\u00e9e vous offre, \u00e0 vous et \u00e0 votre \u00e9quipe, une plus grande s\u00e9curit\u00e9 de planification et suffisamment de temps pour pr\u00e9parer soigneusement tous les d\u00e9tails de l&rsquo;\u00e9v\u00e9nement. Cela inclut l&rsquo;\u00e9quipement technique, la restauration, la disposition des si\u00e8ges et d&rsquo;autres aspects organisationnels. <strong>4. n\u00e9gociation du contrat et flexibilit\u00e9<\/strong><br \/>\nUne r\u00e9servation anticip\u00e9e vous permet \u00e9galement de n\u00e9gocier de meilleures conditions contractuelles et de b\u00e9n\u00e9ficier \u00e9ventuellement de remises pour les r\u00e9servations anticip\u00e9es. De plus, vous aurez plus de flexibilit\u00e9 dans le choix de la salle et pourrez vous assurer que tous vos besoins sont satisfaits. <\/p>\n<figure id=\"attachment_33332\" aria-describedby=\"caption-attachment-33332\" style=\"width: 300px\" class=\"wp-caption alignnone\"><img decoding=\"async\" class=\"size-medium wp-image-14215\" src=\"https:\/\/www.linslerhof.de\/wp-content\/uploads\/2023\/12\/tagungsmappe-download-hoch-300x226.jpg\" alt=\"H\u00f4tel de conf\u00e9rence en Sarre, dossier de conf\u00e9rence T\u00e9l\u00e9charger\" width=\"300\" height=\"226\" srcset=\"https:\/\/www.linslerhof.de\/wp-content\/uploads\/2023\/12\/tagungsmappe-download-hoch-300x226.jpg 300w, https:\/\/www.linslerhof.de\/wp-content\/uploads\/2023\/12\/tagungsmappe-download-hoch.jpg 595w\" sizes=\"(max-width: 300px) 100vw, 300px\" \/><figcaption id=\"caption-attachment-33332\" class=\"wp-caption-text\"><a href=\"https:\/\/www.linslerhof.de\/wp-content\/uploads\/2024\/03\/Tagungsmappe-A5-2024.pdf\"><strong>&gt;&gt;  T\u00e9l\u00e9chargez gratuitement notre d\u00e9pliant d&rsquo;information ici !<\/strong><\/a><\/figcaption><\/figure>\n<p><strong>5. communication avec les participants<\/strong><br \/>\nSi vous r\u00e9servez la salle de r\u00e9union \u00e0 l&rsquo;avance, vous pouvez fournir aux participants toutes les informations n\u00e9cessaires en temps voulu. Cela comprend l&rsquo;invitation, l&rsquo;ordre du jour, les informations sur le trajet et les possibilit\u00e9s d&rsquo;h\u00e9bergement. Choisir la bonne <a href=\"https:\/\/www.linslerhof.de\/tagungshotel-im-saarland\/\">salle de r\u00e9union en Sarre<\/a> peut \u00eatre un d\u00e9fi, surtout si vous voulez vous assurer que tous vos besoins et ceux de vos participants sont satisfaits.<br \/>\nLe Linslerhof dispose de salles de r\u00e9union professionnelles qui offrent le cadre id\u00e9al pour votre \u00e9v\u00e9nement. Notre \u00e9quipe se fera un plaisir de vous aider \u00e0 personnaliser votre \u00e9v\u00e9nement ! <\/p>\n","protected":false},"excerpt":{"rendered":"<p>R\u00e9server une salle de r\u00e9union \u00e0 l&rsquo;avance est essentiel pour la r\u00e9ussite de votre \u00e9v\u00e9nement. Voici quelques consid\u00e9rations et recommandations importantes sur la mani\u00e8re dont vous devriez r\u00e9server une salle de r\u00e9union \u00e0 l&rsquo;avance pour \u00eatre s\u00fbr de trouver la salle parfaite pour vos besoins. 1. type et taille de l&rsquo;\u00e9v\u00e9nement Le moment de la&#8230;<\/p>\n","protected":false},"author":3,"featured_media":41769,"comment_status":"open","ping_status":"open","sticky":false,"template":"","format":"standard","meta":{"footnotes":""},"categories":[533],"tags":[534,599,600,472,581],"class_list":["post-41771","post","type-post","status-publish","format-standard","has-post-thumbnail","hentry","category-reunions","tag-hotel-de-congres","tag-moment","tag-reservation","tag-reunion","tag-salle-de-reunion"],"yoast_head":"<!-- This site is optimized with the Yoast SEO plugin v27.5 - https:\/\/yoast.com\/product\/yoast-seo-wordpress\/ -->\n<title>Combien de temps \u00e0 l&#039;avance dois-je r\u00e9server une salle de r\u00e9union pour mon \u00e9v\u00e9nement ? | Linslerhof<\/title>\n<meta name=\"robots\" content=\"index, follow, max-snippet:-1, max-image-preview:large, max-video-preview:-1\" \/>\n<link rel=\"canonical\" href=\"https:\/\/www.linslerhof.de\/fr\/combien-de-temps-a-lavance-dois-je-reserver-une-salle-de-reunion-pour-mon-evenement\/\" \/>\n<meta property=\"og:locale\" content=\"fr_FR\" \/>\n<meta property=\"og:type\" content=\"article\" \/>\n<meta property=\"og:title\" content=\"Combien de temps \u00e0 l&#039;avance dois-je r\u00e9server une salle de r\u00e9union pour mon \u00e9v\u00e9nement ? | Linslerhof\" \/>\n<meta property=\"og:description\" content=\"R\u00e9server une salle de r\u00e9union \u00e0 l&rsquo;avance est essentiel pour la r\u00e9ussite de votre \u00e9v\u00e9nement. Voici quelques consid\u00e9rations et recommandations importantes sur la mani\u00e8re dont vous devriez r\u00e9server une salle de r\u00e9union \u00e0 l&rsquo;avance pour \u00eatre s\u00fbr de trouver la salle parfaite pour vos besoins. 1. type et taille de l&rsquo;\u00e9v\u00e9nement Le moment de la...\" \/>\n<meta property=\"og:url\" content=\"https:\/\/www.linslerhof.de\/fr\/combien-de-temps-a-lavance-dois-je-reserver-une-salle-de-reunion-pour-mon-evenement\/\" \/>\n<meta property=\"og:site_name\" content=\"Linslerhof\" \/>\n<meta property=\"article:publisher\" content=\"https:\/\/www.facebook.com\/Linslerhof\" \/>\n<meta property=\"article:published_time\" content=\"2024-12-20T12:09:02+00:00\" \/>\n<meta property=\"og:image\" content=\"https:\/\/www.linslerhof.de\/wp-content\/uploads\/2024\/12\/tagungsblog2.jpg\" \/>\n\t<meta property=\"og:image:width\" content=\"600\" \/>\n\t<meta property=\"og:image:height\" content=\"366\" \/>\n\t<meta property=\"og:image:type\" content=\"image\/jpeg\" \/>\n<meta name=\"author\" content=\"Linslerhof\" \/>\n<meta name=\"twitter:card\" content=\"summary_large_image\" \/>\n<meta name=\"twitter:label1\" content=\"\u00c9crit par\" \/>\n\t<meta name=\"twitter:data1\" content=\"Linslerhof\" \/>\n\t<meta name=\"twitter:label2\" content=\"Dur\u00e9e de lecture estim\u00e9e\" \/>\n\t<meta name=\"twitter:data2\" content=\"2 minutes\" \/>\n<script type=\"application\/ld+json\" class=\"yoast-schema-graph\">{\"@context\":\"https:\\\/\\\/schema.org\",\"@graph\":[{\"@type\":\"Article\",\"@id\":\"https:\\\/\\\/www.linslerhof.de\\\/fr\\\/combien-de-temps-a-lavance-dois-je-reserver-une-salle-de-reunion-pour-mon-evenement\\\/#article\",\"isPartOf\":{\"@id\":\"https:\\\/\\\/www.linslerhof.de\\\/fr\\\/combien-de-temps-a-lavance-dois-je-reserver-une-salle-de-reunion-pour-mon-evenement\\\/\"},\"author\":{\"name\":\"Linslerhof\",\"@id\":\"https:\\\/\\\/www.linslerhof.de\\\/fr\\\/#\\\/schema\\\/person\\\/fdecd0f84a48f837b8ceef11fba619e6\"},\"headline\":\"Combien de temps \u00e0 l&rsquo;avance dois-je r\u00e9server une salle de r\u00e9union pour mon \u00e9v\u00e9nement ?\",\"datePublished\":\"2024-12-20T12:09:02+00:00\",\"mainEntityOfPage\":{\"@id\":\"https:\\\/\\\/www.linslerhof.de\\\/fr\\\/combien-de-temps-a-lavance-dois-je-reserver-une-salle-de-reunion-pour-mon-evenement\\\/\"},\"wordCount\":466,\"commentCount\":0,\"publisher\":{\"@id\":\"https:\\\/\\\/www.linslerhof.de\\\/fr\\\/#organization\"},\"image\":{\"@id\":\"https:\\\/\\\/www.linslerhof.de\\\/fr\\\/combien-de-temps-a-lavance-dois-je-reserver-une-salle-de-reunion-pour-mon-evenement\\\/#primaryimage\"},\"thumbnailUrl\":\"https:\\\/\\\/www.linslerhof.de\\\/wp-content\\\/uploads\\\/2024\\\/12\\\/tagungsblog2.jpg\",\"keywords\":[\"h\u00f4tel de congr\u00e8s\",\"moment\",\"r\u00e9servation\",\"R\u00e9union\",\"salle de r\u00e9union\"],\"articleSection\":[\"R\u00e9unions\"],\"inLanguage\":\"fr-FR\",\"potentialAction\":[{\"@type\":\"CommentAction\",\"name\":\"Comment\",\"target\":[\"https:\\\/\\\/www.linslerhof.de\\\/fr\\\/combien-de-temps-a-lavance-dois-je-reserver-une-salle-de-reunion-pour-mon-evenement\\\/#respond\"]}]},{\"@type\":\"WebPage\",\"@id\":\"https:\\\/\\\/www.linslerhof.de\\\/fr\\\/combien-de-temps-a-lavance-dois-je-reserver-une-salle-de-reunion-pour-mon-evenement\\\/\",\"url\":\"https:\\\/\\\/www.linslerhof.de\\\/fr\\\/combien-de-temps-a-lavance-dois-je-reserver-une-salle-de-reunion-pour-mon-evenement\\\/\",\"name\":\"Combien de temps \u00e0 l'avance dois-je r\u00e9server une salle de r\u00e9union pour mon \u00e9v\u00e9nement ? | Linslerhof\",\"isPartOf\":{\"@id\":\"https:\\\/\\\/www.linslerhof.de\\\/fr\\\/#website\"},\"primaryImageOfPage\":{\"@id\":\"https:\\\/\\\/www.linslerhof.de\\\/fr\\\/combien-de-temps-a-lavance-dois-je-reserver-une-salle-de-reunion-pour-mon-evenement\\\/#primaryimage\"},\"image\":{\"@id\":\"https:\\\/\\\/www.linslerhof.de\\\/fr\\\/combien-de-temps-a-lavance-dois-je-reserver-une-salle-de-reunion-pour-mon-evenement\\\/#primaryimage\"},\"thumbnailUrl\":\"https:\\\/\\\/www.linslerhof.de\\\/wp-content\\\/uploads\\\/2024\\\/12\\\/tagungsblog2.jpg\",\"datePublished\":\"2024-12-20T12:09:02+00:00\",\"breadcrumb\":{\"@id\":\"https:\\\/\\\/www.linslerhof.de\\\/fr\\\/combien-de-temps-a-lavance-dois-je-reserver-une-salle-de-reunion-pour-mon-evenement\\\/#breadcrumb\"},\"inLanguage\":\"fr-FR\",\"potentialAction\":[{\"@type\":\"ReadAction\",\"target\":[\"https:\\\/\\\/www.linslerhof.de\\\/fr\\\/combien-de-temps-a-lavance-dois-je-reserver-une-salle-de-reunion-pour-mon-evenement\\\/\"]}]},{\"@type\":\"ImageObject\",\"inLanguage\":\"fr-FR\",\"@id\":\"https:\\\/\\\/www.linslerhof.de\\\/fr\\\/combien-de-temps-a-lavance-dois-je-reserver-une-salle-de-reunion-pour-mon-evenement\\\/#primaryimage\",\"url\":\"https:\\\/\\\/www.linslerhof.de\\\/wp-content\\\/uploads\\\/2024\\\/12\\\/tagungsblog2.jpg\",\"contentUrl\":\"https:\\\/\\\/www.linslerhof.de\\\/wp-content\\\/uploads\\\/2024\\\/12\\\/tagungsblog2.jpg\",\"width\":600,\"height\":366,\"caption\":\"Ein Tagungsraum am Linslerhof ist vorberietet mit Bl\u00f6cken, Stiften und getr\u00e4nken\"},{\"@type\":\"BreadcrumbList\",\"@id\":\"https:\\\/\\\/www.linslerhof.de\\\/fr\\\/combien-de-temps-a-lavance-dois-je-reserver-une-salle-de-reunion-pour-mon-evenement\\\/#breadcrumb\",\"itemListElement\":[{\"@type\":\"ListItem\",\"position\":1,\"name\":\"Startseite\",\"item\":\"https:\\\/\\\/www.linslerhof.de\\\/fr\\\/hotel-4-etoiles-en-sarre\\\/\"},{\"@type\":\"ListItem\",\"position\":2,\"name\":\"Combien de temps \u00e0 l&rsquo;avance dois-je r\u00e9server une salle de r\u00e9union pour mon \u00e9v\u00e9nement ?\"}]},{\"@type\":\"WebSite\",\"@id\":\"https:\\\/\\\/www.linslerhof.de\\\/fr\\\/#website\",\"url\":\"https:\\\/\\\/www.linslerhof.de\\\/fr\\\/\",\"name\":\"Linslerhof\",\"description\":\"Historischer Gutshof\",\"publisher\":{\"@id\":\"https:\\\/\\\/www.linslerhof.de\\\/fr\\\/#organization\"},\"potentialAction\":[{\"@type\":\"SearchAction\",\"target\":{\"@type\":\"EntryPoint\",\"urlTemplate\":\"https:\\\/\\\/www.linslerhof.de\\\/fr\\\/?s={search_term_string}\"},\"query-input\":{\"@type\":\"PropertyValueSpecification\",\"valueRequired\":true,\"valueName\":\"search_term_string\"}}],\"inLanguage\":\"fr-FR\"},{\"@type\":\"Organization\",\"@id\":\"https:\\\/\\\/www.linslerhof.de\\\/fr\\\/#organization\",\"name\":\"Linslerhof\",\"url\":\"https:\\\/\\\/www.linslerhof.de\\\/fr\\\/\",\"logo\":{\"@type\":\"ImageObject\",\"inLanguage\":\"fr-FR\",\"@id\":\"https:\\\/\\\/www.linslerhof.de\\\/fr\\\/#\\\/schema\\\/logo\\\/image\\\/\",\"url\":\"https:\\\/\\\/www.linslerhof.de\\\/wp-content\\\/uploads\\\/2020\\\/12\\\/Logo_2020.png\",\"contentUrl\":\"https:\\\/\\\/www.linslerhof.de\\\/wp-content\\\/uploads\\\/2020\\\/12\\\/Logo_2020.png\",\"width\":466,\"height\":300,\"caption\":\"Linslerhof\"},\"image\":{\"@id\":\"https:\\\/\\\/www.linslerhof.de\\\/fr\\\/#\\\/schema\\\/logo\\\/image\\\/\"},\"sameAs\":[\"https:\\\/\\\/www.facebook.com\\\/Linslerhof\",\"https:\\\/\\\/www.instagram.com\\\/linslerhof\\\/\"]},{\"@type\":\"Person\",\"@id\":\"https:\\\/\\\/www.linslerhof.de\\\/fr\\\/#\\\/schema\\\/person\\\/fdecd0f84a48f837b8ceef11fba619e6\",\"name\":\"Linslerhof\",\"image\":{\"@type\":\"ImageObject\",\"inLanguage\":\"fr-FR\",\"@id\":\"https:\\\/\\\/secure.gravatar.com\\\/avatar\\\/604e0f0d7a31fe2cdbd177814c97d7c5f454fb670c0a7aefd1c57ea0c119326d?s=96&d=mm&r=g\",\"url\":\"https:\\\/\\\/secure.gravatar.com\\\/avatar\\\/604e0f0d7a31fe2cdbd177814c97d7c5f454fb670c0a7aefd1c57ea0c119326d?s=96&d=mm&r=g\",\"contentUrl\":\"https:\\\/\\\/secure.gravatar.com\\\/avatar\\\/604e0f0d7a31fe2cdbd177814c97d7c5f454fb670c0a7aefd1c57ea0c119326d?s=96&d=mm&r=g\",\"caption\":\"Linslerhof\"},\"url\":\"https:\\\/\\\/www.linslerhof.de\\\/fr\\\/author\\\/usr_linslerhof_admin\\\/\"}]}<\/script>\n<!-- \/ Yoast SEO plugin. -->","yoast_head_json":{"title":"Combien de temps \u00e0 l'avance dois-je r\u00e9server une salle de r\u00e9union pour mon \u00e9v\u00e9nement ? | Linslerhof","robots":{"index":"index","follow":"follow","max-snippet":"max-snippet:-1","max-image-preview":"max-image-preview:large","max-video-preview":"max-video-preview:-1"},"canonical":"https:\/\/www.linslerhof.de\/fr\/combien-de-temps-a-lavance-dois-je-reserver-une-salle-de-reunion-pour-mon-evenement\/","og_locale":"fr_FR","og_type":"article","og_title":"Combien de temps \u00e0 l'avance dois-je r\u00e9server une salle de r\u00e9union pour mon \u00e9v\u00e9nement ? | Linslerhof","og_description":"R\u00e9server une salle de r\u00e9union \u00e0 l&rsquo;avance est essentiel pour la r\u00e9ussite de votre \u00e9v\u00e9nement. Voici quelques consid\u00e9rations et recommandations importantes sur la mani\u00e8re dont vous devriez r\u00e9server une salle de r\u00e9union \u00e0 l&rsquo;avance pour \u00eatre s\u00fbr de trouver la salle parfaite pour vos besoins. 1. type et taille de l&rsquo;\u00e9v\u00e9nement Le moment de la...","og_url":"https:\/\/www.linslerhof.de\/fr\/combien-de-temps-a-lavance-dois-je-reserver-une-salle-de-reunion-pour-mon-evenement\/","og_site_name":"Linslerhof","article_publisher":"https:\/\/www.facebook.com\/Linslerhof","article_published_time":"2024-12-20T12:09:02+00:00","og_image":[{"width":600,"height":366,"url":"https:\/\/www.linslerhof.de\/wp-content\/uploads\/2024\/12\/tagungsblog2.jpg","type":"image\/jpeg"}],"author":"Linslerhof","twitter_card":"summary_large_image","twitter_misc":{"\u00c9crit par":"Linslerhof","Dur\u00e9e de lecture estim\u00e9e":"2 minutes"},"schema":{"@context":"https:\/\/schema.org","@graph":[{"@type":"Article","@id":"https:\/\/www.linslerhof.de\/fr\/combien-de-temps-a-lavance-dois-je-reserver-une-salle-de-reunion-pour-mon-evenement\/#article","isPartOf":{"@id":"https:\/\/www.linslerhof.de\/fr\/combien-de-temps-a-lavance-dois-je-reserver-une-salle-de-reunion-pour-mon-evenement\/"},"author":{"name":"Linslerhof","@id":"https:\/\/www.linslerhof.de\/fr\/#\/schema\/person\/fdecd0f84a48f837b8ceef11fba619e6"},"headline":"Combien de temps \u00e0 l&rsquo;avance dois-je r\u00e9server une salle de r\u00e9union pour mon \u00e9v\u00e9nement ?","datePublished":"2024-12-20T12:09:02+00:00","mainEntityOfPage":{"@id":"https:\/\/www.linslerhof.de\/fr\/combien-de-temps-a-lavance-dois-je-reserver-une-salle-de-reunion-pour-mon-evenement\/"},"wordCount":466,"commentCount":0,"publisher":{"@id":"https:\/\/www.linslerhof.de\/fr\/#organization"},"image":{"@id":"https:\/\/www.linslerhof.de\/fr\/combien-de-temps-a-lavance-dois-je-reserver-une-salle-de-reunion-pour-mon-evenement\/#primaryimage"},"thumbnailUrl":"https:\/\/www.linslerhof.de\/wp-content\/uploads\/2024\/12\/tagungsblog2.jpg","keywords":["h\u00f4tel de congr\u00e8s","moment","r\u00e9servation","R\u00e9union","salle de r\u00e9union"],"articleSection":["R\u00e9unions"],"inLanguage":"fr-FR","potentialAction":[{"@type":"CommentAction","name":"Comment","target":["https:\/\/www.linslerhof.de\/fr\/combien-de-temps-a-lavance-dois-je-reserver-une-salle-de-reunion-pour-mon-evenement\/#respond"]}]},{"@type":"WebPage","@id":"https:\/\/www.linslerhof.de\/fr\/combien-de-temps-a-lavance-dois-je-reserver-une-salle-de-reunion-pour-mon-evenement\/","url":"https:\/\/www.linslerhof.de\/fr\/combien-de-temps-a-lavance-dois-je-reserver-une-salle-de-reunion-pour-mon-evenement\/","name":"Combien de temps \u00e0 l'avance dois-je r\u00e9server une salle de r\u00e9union pour mon \u00e9v\u00e9nement ? | Linslerhof","isPartOf":{"@id":"https:\/\/www.linslerhof.de\/fr\/#website"},"primaryImageOfPage":{"@id":"https:\/\/www.linslerhof.de\/fr\/combien-de-temps-a-lavance-dois-je-reserver-une-salle-de-reunion-pour-mon-evenement\/#primaryimage"},"image":{"@id":"https:\/\/www.linslerhof.de\/fr\/combien-de-temps-a-lavance-dois-je-reserver-une-salle-de-reunion-pour-mon-evenement\/#primaryimage"},"thumbnailUrl":"https:\/\/www.linslerhof.de\/wp-content\/uploads\/2024\/12\/tagungsblog2.jpg","datePublished":"2024-12-20T12:09:02+00:00","breadcrumb":{"@id":"https:\/\/www.linslerhof.de\/fr\/combien-de-temps-a-lavance-dois-je-reserver-une-salle-de-reunion-pour-mon-evenement\/#breadcrumb"},"inLanguage":"fr-FR","potentialAction":[{"@type":"ReadAction","target":["https:\/\/www.linslerhof.de\/fr\/combien-de-temps-a-lavance-dois-je-reserver-une-salle-de-reunion-pour-mon-evenement\/"]}]},{"@type":"ImageObject","inLanguage":"fr-FR","@id":"https:\/\/www.linslerhof.de\/fr\/combien-de-temps-a-lavance-dois-je-reserver-une-salle-de-reunion-pour-mon-evenement\/#primaryimage","url":"https:\/\/www.linslerhof.de\/wp-content\/uploads\/2024\/12\/tagungsblog2.jpg","contentUrl":"https:\/\/www.linslerhof.de\/wp-content\/uploads\/2024\/12\/tagungsblog2.jpg","width":600,"height":366,"caption":"Ein Tagungsraum am Linslerhof ist vorberietet mit Bl\u00f6cken, Stiften und getr\u00e4nken"},{"@type":"BreadcrumbList","@id":"https:\/\/www.linslerhof.de\/fr\/combien-de-temps-a-lavance-dois-je-reserver-une-salle-de-reunion-pour-mon-evenement\/#breadcrumb","itemListElement":[{"@type":"ListItem","position":1,"name":"Startseite","item":"https:\/\/www.linslerhof.de\/fr\/hotel-4-etoiles-en-sarre\/"},{"@type":"ListItem","position":2,"name":"Combien de temps \u00e0 l&rsquo;avance dois-je r\u00e9server une salle de r\u00e9union pour mon \u00e9v\u00e9nement ?"}]},{"@type":"WebSite","@id":"https:\/\/www.linslerhof.de\/fr\/#website","url":"https:\/\/www.linslerhof.de\/fr\/","name":"Linslerhof","description":"Historischer Gutshof","publisher":{"@id":"https:\/\/www.linslerhof.de\/fr\/#organization"},"potentialAction":[{"@type":"SearchAction","target":{"@type":"EntryPoint","urlTemplate":"https:\/\/www.linslerhof.de\/fr\/?s={search_term_string}"},"query-input":{"@type":"PropertyValueSpecification","valueRequired":true,"valueName":"search_term_string"}}],"inLanguage":"fr-FR"},{"@type":"Organization","@id":"https:\/\/www.linslerhof.de\/fr\/#organization","name":"Linslerhof","url":"https:\/\/www.linslerhof.de\/fr\/","logo":{"@type":"ImageObject","inLanguage":"fr-FR","@id":"https:\/\/www.linslerhof.de\/fr\/#\/schema\/logo\/image\/","url":"https:\/\/www.linslerhof.de\/wp-content\/uploads\/2020\/12\/Logo_2020.png","contentUrl":"https:\/\/www.linslerhof.de\/wp-content\/uploads\/2020\/12\/Logo_2020.png","width":466,"height":300,"caption":"Linslerhof"},"image":{"@id":"https:\/\/www.linslerhof.de\/fr\/#\/schema\/logo\/image\/"},"sameAs":["https:\/\/www.facebook.com\/Linslerhof","https:\/\/www.instagram.com\/linslerhof\/"]},{"@type":"Person","@id":"https:\/\/www.linslerhof.de\/fr\/#\/schema\/person\/fdecd0f84a48f837b8ceef11fba619e6","name":"Linslerhof","image":{"@type":"ImageObject","inLanguage":"fr-FR","@id":"https:\/\/secure.gravatar.com\/avatar\/604e0f0d7a31fe2cdbd177814c97d7c5f454fb670c0a7aefd1c57ea0c119326d?s=96&d=mm&r=g","url":"https:\/\/secure.gravatar.com\/avatar\/604e0f0d7a31fe2cdbd177814c97d7c5f454fb670c0a7aefd1c57ea0c119326d?s=96&d=mm&r=g","contentUrl":"https:\/\/secure.gravatar.com\/avatar\/604e0f0d7a31fe2cdbd177814c97d7c5f454fb670c0a7aefd1c57ea0c119326d?s=96&d=mm&r=g","caption":"Linslerhof"},"url":"https:\/\/www.linslerhof.de\/fr\/author\/usr_linslerhof_admin\/"}]}},"_links":{"self":[{"href":"https:\/\/www.linslerhof.de\/fr\/wp-json\/wp\/v2\/posts\/41771","targetHints":{"allow":["GET"]}}],"collection":[{"href":"https:\/\/www.linslerhof.de\/fr\/wp-json\/wp\/v2\/posts"}],"about":[{"href":"https:\/\/www.linslerhof.de\/fr\/wp-json\/wp\/v2\/types\/post"}],"author":[{"embeddable":true,"href":"https:\/\/www.linslerhof.de\/fr\/wp-json\/wp\/v2\/users\/3"}],"replies":[{"embeddable":true,"href":"https:\/\/www.linslerhof.de\/fr\/wp-json\/wp\/v2\/comments?post=41771"}],"version-history":[{"count":0,"href":"https:\/\/www.linslerhof.de\/fr\/wp-json\/wp\/v2\/posts\/41771\/revisions"}],"wp:featuredmedia":[{"embeddable":true,"href":"https:\/\/www.linslerhof.de\/fr\/wp-json\/wp\/v2\/media\/41769"}],"wp:attachment":[{"href":"https:\/\/www.linslerhof.de\/fr\/wp-json\/wp\/v2\/media?parent=41771"}],"wp:term":[{"taxonomy":"category","embeddable":true,"href":"https:\/\/www.linslerhof.de\/fr\/wp-json\/wp\/v2\/categories?post=41771"},{"taxonomy":"post_tag","embeddable":true,"href":"https:\/\/www.linslerhof.de\/fr\/wp-json\/wp\/v2\/tags?post=41771"}],"curies":[{"name":"wp","href":"https:\/\/api.w.org\/{rel}","templated":true}]}}