{"id":46099,"date":"2025-05-02T13:33:51","date_gmt":"2025-05-02T11:33:51","guid":{"rendered":"https:\/\/www.linslerhof.de\/fetes-de-fin-dete-dans-les-jardins-du-linslerhof\/"},"modified":"2025-10-01T15:22:41","modified_gmt":"2025-10-01T13:22:41","slug":"fetes-de-fin-dete-dans-les-jardins-du-linslerhof","status":"publish","type":"post","link":"https:\/\/www.linslerhof.de\/fr\/fetes-de-fin-dete-dans-les-jardins-du-linslerhof\/","title":{"rendered":"F\u00eates de fin d&rsquo;\u00e9t\u00e9 dans les jardins du Linslerhof"},"content":{"rendered":"<section class=\"l-section wpb_row height_medium\"><div class=\"l-section-h i-cf\"><div class=\"g-cols vc_row via_flex valign_top type_default stacking_default\"><div class=\"vc_col-sm-12 wpb_column vc_column_container\"><div class=\"vc_column-inner\"><div class=\"wpb_wrapper\"><div class=\"wpb_text_column\"><div class=\"wpb_wrapper\"><p class=\"p1\">Chez nous, au Linslerhof, vous vivrez des f\u00eates de jardin uniques \u00e0 la fin de l&rsquo;\u00e9t\u00e9, dans le cadre idyllique de notre domaine historique.  <span class=\"s1\">\ud83c\udf3f\u2728<\/span><\/p>\n<p class=\"p1\">ORGANISATION ET PLANIFICATION<\/p>\n<p class=\"p1\">Organiser une garden-party au Linslerhof commence par le choix de l&rsquo;endroit id\u00e9al. Nos vastes jardins et nos murs historiques en gr\u00e8s offrent un cadre pittoresque qui enchantera vos invit\u00e9s. <span class=\"s1\">\ud83c\udf33<\/span> <\/p>\n<\/div><\/div><div class=\"w-image align_center\"><div class=\"w-image-h\"><img decoding=\"async\" width=\"600\" height=\"366\" src=\"https:\/\/www.linslerhof.de\/wp-content\/uploads\/2025\/05\/blog-sommerfest3.jpg\" class=\"attachment-large size-large\" alt=\"Korb mit Bl\u00fcten und Tee\" loading=\"lazy\" srcset=\"https:\/\/www.linslerhof.de\/wp-content\/uploads\/2025\/05\/blog-sommerfest3.jpg 600w, https:\/\/www.linslerhof.de\/wp-content\/uploads\/2025\/05\/blog-sommerfest3-300x183.jpg 300w\" sizes=\"auto, (max-width: 600px) 100vw, 600px\" \/><\/div><\/div><div class=\"wpb_text_column\"><div class=\"wpb_wrapper\"><p class=\"p1\">ID\u00c9ES DE D\u00c9CORATION POUR LA FIN DE L&rsquo;\u00c9T\u00c9<\/p>\n<p class=\"p1\">Utilisez les couleurs naturelles de la saison : des tons chauds d&rsquo;or et de rouge, associ\u00e9s \u00e0 des \u00e9l\u00e9ments rustiques comme des d\u00e9corations en bois et en osier. Les lanternes et les guirlandes lumineuses cr\u00e9ent une ambiance chaleureuse le soir.   <span class=\"s1\">\ud83d\udd6f\ufe0f\ud83c\udf42<\/span><\/p>\n<\/div><\/div><div class=\"w-image align_center\"><div class=\"w-image-h\"><img decoding=\"async\" width=\"600\" height=\"366\" src=\"https:\/\/www.linslerhof.de\/wp-content\/uploads\/2025\/05\/blog-sommerfest5.jpg\" class=\"attachment-large size-large\" alt=\"Sommerfest biergarten\" loading=\"lazy\" srcset=\"https:\/\/www.linslerhof.de\/wp-content\/uploads\/2025\/05\/blog-sommerfest5.jpg 600w, https:\/\/www.linslerhof.de\/wp-content\/uploads\/2025\/05\/blog-sommerfest5-300x183.jpg 300w\" sizes=\"auto, (max-width: 600px) 100vw, 600px\" \/><\/div><\/div><div class=\"wpb_text_column\"><div class=\"wpb_wrapper\"><p class=\"p1\">POINTS FORTS PARTICULIERS<\/p>\n<p class=\"p1\">Surprenez vos invit\u00e9s avec une vasque de feu autour de laquelle tout le monde peut se rassembler. <span class=\"s1\">\ud83c\udf41\ud83d\udd25<\/span> De la musique live ou un DJ assurent l&rsquo;accompagnement musical appropri\u00e9 et cr\u00e9ent une atmosph\u00e8re inoubliable. <span class=\"s1\">\ud83c\udfb6<\/span><\/p>\n<p class=\"p1\">REPAS ET BOISSONS<\/p>\n<p class=\"p1\">Notre \u00e9quipe de cuisine vous concoctera un menu de saison comprenant des sp\u00e9cialit\u00e9s r\u00e9gionales et des ingr\u00e9dients frais de la r\u00e9gion. Pensez aux d\u00e9lices de l&rsquo;automne comme la soupe de potiron, la tarte flamb\u00e9e et le r\u00f4ti de gibier.   <span class=\"s1\">\ud83c\udf7d\ufe0f\ud83e\udd42<\/span><\/p>\n<\/div><\/div><div class=\"w-image align_center\"><div class=\"w-image-h\"><img decoding=\"async\" width=\"600\" height=\"366\" src=\"https:\/\/www.linslerhof.de\/wp-content\/uploads\/2025\/05\/blog-sommerfest6.jpg\" class=\"attachment-large size-large\" alt=\"sommerfest outdoor\" loading=\"lazy\" srcset=\"https:\/\/www.linslerhof.de\/wp-content\/uploads\/2025\/05\/blog-sommerfest6.jpg 600w, https:\/\/www.linslerhof.de\/wp-content\/uploads\/2025\/05\/blog-sommerfest6-300x183.jpg 300w\" sizes=\"auto, (max-width: 600px) 100vw, 600px\" \/><\/div><\/div><div class=\"wpb_text_column\"><div class=\"wpb_wrapper\"><p class=\"p1\">ACTIVIT\u00c9S ET DIVERTISSEMENTS<\/p>\n<p class=\"p1\">Que diriez-vous d&rsquo;une petite d\u00e9gustation de vin ou d&rsquo;un barbecue ? Les enfants peuvent participer \u00e0 une chasse au tr\u00e9sor, tandis que les adultes profitent de la nature lors d&rsquo;une randonn\u00e9e guid\u00e9e. \ud83c\udf47\ud83d\udeb6\u200d\u2640\ufe0f  <\/p>\n<\/div><\/div><div class=\"w-image align_center\"><div class=\"w-image-h\"><img decoding=\"async\" width=\"600\" height=\"366\" src=\"https:\/\/www.linslerhof.de\/wp-content\/uploads\/2025\/05\/blog-sommerfest2.jpg\" class=\"attachment-large size-large\" alt=\"Granatapfel, Tee, Tarte\" loading=\"lazy\" srcset=\"https:\/\/www.linslerhof.de\/wp-content\/uploads\/2025\/05\/blog-sommerfest2.jpg 600w, https:\/\/www.linslerhof.de\/wp-content\/uploads\/2025\/05\/blog-sommerfest2-300x183.jpg 300w\" sizes=\"auto, (max-width: 600px) 100vw, 600px\" \/><\/div><\/div><div class=\"wpb_text_column\"><div class=\"wpb_wrapper\"><p class=\"p1\">D\u00c9FIS ET SOLUTIONS<\/p>\n<p class=\"p1\">Chaque f\u00eate comporte son lot de d\u00e9fis, des incertitudes m\u00e9t\u00e9orologiques \u00e0 la liste parfaite des invit\u00e9s. Mais gr\u00e2ce \u00e0 notre \u00e9quipe exp\u00e9riment\u00e9e en mati\u00e8re d&rsquo;\u00e9v\u00e9nements, aucun d\u00e9tail n&rsquo;est laiss\u00e9 au hasard. Nous veillons \u00e0 ce que votre garden party se d\u00e9roule sans accroc et \u00e0 ce que tous les invit\u00e9s soient satisfaits.    <span class=\"s1\">\ud83d\udcaa\ud83c\udf1f<\/span><\/p>\n<p class=\"p1\">Une f\u00eate de jardin r\u00e9ussie repose sur l&rsquo;amour du d\u00e9tail et la bonne ambiance. Laissez-vous inspirer par la nature et cr\u00e9ez une ambiance qui restera dans les m\u00e9moires.   <span class=\"s1\">\ud83c\udf43\u2764\ufe0f<\/span><\/p>\n<p class=\"p1\">Laissez-vous s\u00e9duire par la <a href=\"https:\/\/www.linslerhof.de\/fr\/\"><strong>magie du Linslerhof<\/strong> <\/a>et vivez une f\u00eate des jardins inoubliable \u00e0 la fin de l&rsquo;\u00e9t\u00e9 ! <span class=\"s1\">\ud83c\udf1f\ud83c\udf3c<\/span><\/p>\n<\/div><\/div><div class=\"w-image align_center\"><div class=\"w-image-h\"><img decoding=\"async\" width=\"600\" height=\"366\" src=\"https:\/\/www.linslerhof.de\/wp-content\/uploads\/2025\/05\/blog-sommerfest7.jpg\" class=\"attachment-large size-large\" alt=\"sommerfest dekoration\" loading=\"lazy\" srcset=\"https:\/\/www.linslerhof.de\/wp-content\/uploads\/2025\/05\/blog-sommerfest7.jpg 600w, https:\/\/www.linslerhof.de\/wp-content\/uploads\/2025\/05\/blog-sommerfest7-300x183.jpg 300w\" sizes=\"auto, (max-width: 600px) 100vw, 600px\" \/><\/div><\/div><\/div><\/div><\/div><\/div><\/div><\/section>\n","protected":false},"excerpt":{"rendered":"Chez nous, au Linslerhof, vous vivrez des f\u00eates de jardin uniques \u00e0 la fin de l&rsquo;\u00e9t\u00e9, dans le cadre idyllique de notre domaine historique. \ud83c\udf3f\u2728 ORGANISATION ET PLANIFICATION Organiser une garden-party au Linslerhof commence par le choix de l&rsquo;endroit id\u00e9al. Nos vastes jardins et nos murs historiques en gr\u00e8s offrent un cadre pittoresque qui enchantera...","protected":false},"author":3,"featured_media":44031,"comment_status":"open","ping_status":"open","sticky":false,"template":"","format":"standard","meta":{"footnotes":""},"categories":[704],"tags":[706,707,705,708],"class_list":["post-46099","post","type-post","status-publish","format-standard","has-post-thumbnail","hentry","category-fetes-et-celebrations","tag-fete-du-jardin","tag-fin-de-lete","tag-fixe","tag-solennite"],"yoast_head":"<!-- This site is optimized with the Yoast SEO plugin v27.5 - https:\/\/yoast.com\/product\/yoast-seo-wordpress\/ -->\n<title>F\u00eates de fin d&#039;\u00e9t\u00e9 dans les jardins du Linslerhof | Linslerhof<\/title>\n<meta name=\"description\" content=\"Chez nous, au Linslerhof, vous vivrez des f\u00eates de jardin uniques \u00e0 la fin de l&#039;\u00e9t\u00e9, dans le cadre idyllique de notre domaine historique.\" \/>\n<meta name=\"robots\" content=\"index, follow, max-snippet:-1, max-image-preview:large, max-video-preview:-1\" \/>\n<link rel=\"canonical\" href=\"https:\/\/www.linslerhof.de\/fr\/fetes-de-fin-dete-dans-les-jardins-du-linslerhof\/\" \/>\n<meta property=\"og:locale\" content=\"fr_FR\" \/>\n<meta property=\"og:type\" content=\"article\" \/>\n<meta property=\"og:title\" content=\"F\u00eates de fin d&#039;\u00e9t\u00e9 dans les jardins du Linslerhof | Linslerhof\" \/>\n<meta property=\"og:description\" content=\"Chez nous, au Linslerhof, vous vivrez des f\u00eates de jardin uniques \u00e0 la fin de l&#039;\u00e9t\u00e9, dans le cadre idyllique de notre domaine historique.\" \/>\n<meta property=\"og:url\" content=\"https:\/\/www.linslerhof.de\/fr\/fetes-de-fin-dete-dans-les-jardins-du-linslerhof\/\" \/>\n<meta property=\"og:site_name\" content=\"Linslerhof\" \/>\n<meta property=\"article:publisher\" content=\"https:\/\/www.facebook.com\/Linslerhof\" \/>\n<meta property=\"article:published_time\" content=\"2025-05-02T11:33:51+00:00\" \/>\n<meta property=\"article:modified_time\" content=\"2025-10-01T13:22:41+00:00\" \/>\n<meta property=\"og:image\" content=\"https:\/\/www.linslerhof.de\/wp-content\/uploads\/2025\/05\/blog-sommerfest4.jpg\" \/>\n\t<meta property=\"og:image:width\" content=\"600\" \/>\n\t<meta property=\"og:image:height\" content=\"366\" \/>\n\t<meta property=\"og:image:type\" content=\"image\/jpeg\" \/>\n<meta name=\"author\" content=\"Linslerhof\" \/>\n<meta name=\"twitter:card\" content=\"summary_large_image\" \/>\n<meta name=\"twitter:label1\" content=\"\u00c9crit par\" \/>\n\t<meta name=\"twitter:data1\" content=\"Linslerhof\" \/>\n\t<meta name=\"twitter:label2\" content=\"Dur\u00e9e de lecture estim\u00e9e\" \/>\n\t<meta name=\"twitter:data2\" content=\"2 minutes\" \/>\n<script type=\"application\/ld+json\" class=\"yoast-schema-graph\">{\"@context\":\"https:\\\/\\\/schema.org\",\"@graph\":[{\"@type\":\"Article\",\"@id\":\"https:\\\/\\\/www.linslerhof.de\\\/fr\\\/fetes-de-fin-dete-dans-les-jardins-du-linslerhof\\\/#article\",\"isPartOf\":{\"@id\":\"https:\\\/\\\/www.linslerhof.de\\\/fr\\\/fetes-de-fin-dete-dans-les-jardins-du-linslerhof\\\/\"},\"author\":{\"name\":\"Linslerhof\",\"@id\":\"https:\\\/\\\/www.linslerhof.de\\\/fr\\\/#\\\/schema\\\/person\\\/fdecd0f84a48f837b8ceef11fba619e6\"},\"headline\":\"F\u00eates de fin d&rsquo;\u00e9t\u00e9 dans les jardins du Linslerhof\",\"datePublished\":\"2025-05-02T11:33:51+00:00\",\"dateModified\":\"2025-10-01T13:22:41+00:00\",\"mainEntityOfPage\":{\"@id\":\"https:\\\/\\\/www.linslerhof.de\\\/fr\\\/fetes-de-fin-dete-dans-les-jardins-du-linslerhof\\\/\"},\"wordCount\":468,\"commentCount\":0,\"publisher\":{\"@id\":\"https:\\\/\\\/www.linslerhof.de\\\/fr\\\/#organization\"},\"image\":{\"@id\":\"https:\\\/\\\/www.linslerhof.de\\\/fr\\\/fetes-de-fin-dete-dans-les-jardins-du-linslerhof\\\/#primaryimage\"},\"thumbnailUrl\":\"https:\\\/\\\/www.linslerhof.de\\\/wp-content\\\/uploads\\\/2025\\\/05\\\/blog-sommerfest4.jpg\",\"keywords\":[\"F\u00eate du jardin\",\"fin de l'\u00e9t\u00e9\",\"Fixe\",\"solennit\u00e9\"],\"articleSection\":[\"F\u00eates et c\u00e9l\u00e9brations\"],\"inLanguage\":\"fr-FR\",\"potentialAction\":[{\"@type\":\"CommentAction\",\"name\":\"Comment\",\"target\":[\"https:\\\/\\\/www.linslerhof.de\\\/fr\\\/fetes-de-fin-dete-dans-les-jardins-du-linslerhof\\\/#respond\"]}]},{\"@type\":\"WebPage\",\"@id\":\"https:\\\/\\\/www.linslerhof.de\\\/fr\\\/fetes-de-fin-dete-dans-les-jardins-du-linslerhof\\\/\",\"url\":\"https:\\\/\\\/www.linslerhof.de\\\/fr\\\/fetes-de-fin-dete-dans-les-jardins-du-linslerhof\\\/\",\"name\":\"F\u00eates de fin d'\u00e9t\u00e9 dans les jardins du Linslerhof | Linslerhof\",\"isPartOf\":{\"@id\":\"https:\\\/\\\/www.linslerhof.de\\\/fr\\\/#website\"},\"primaryImageOfPage\":{\"@id\":\"https:\\\/\\\/www.linslerhof.de\\\/fr\\\/fetes-de-fin-dete-dans-les-jardins-du-linslerhof\\\/#primaryimage\"},\"image\":{\"@id\":\"https:\\\/\\\/www.linslerhof.de\\\/fr\\\/fetes-de-fin-dete-dans-les-jardins-du-linslerhof\\\/#primaryimage\"},\"thumbnailUrl\":\"https:\\\/\\\/www.linslerhof.de\\\/wp-content\\\/uploads\\\/2025\\\/05\\\/blog-sommerfest4.jpg\",\"datePublished\":\"2025-05-02T11:33:51+00:00\",\"dateModified\":\"2025-10-01T13:22:41+00:00\",\"description\":\"Chez nous, au Linslerhof, vous vivrez des f\u00eates de jardin uniques \u00e0 la fin de l'\u00e9t\u00e9, dans le cadre idyllique de notre domaine historique.\",\"breadcrumb\":{\"@id\":\"https:\\\/\\\/www.linslerhof.de\\\/fr\\\/fetes-de-fin-dete-dans-les-jardins-du-linslerhof\\\/#breadcrumb\"},\"inLanguage\":\"fr-FR\",\"potentialAction\":[{\"@type\":\"ReadAction\",\"target\":[\"https:\\\/\\\/www.linslerhof.de\\\/fr\\\/fetes-de-fin-dete-dans-les-jardins-du-linslerhof\\\/\"]}]},{\"@type\":\"ImageObject\",\"inLanguage\":\"fr-FR\",\"@id\":\"https:\\\/\\\/www.linslerhof.de\\\/fr\\\/fetes-de-fin-dete-dans-les-jardins-du-linslerhof\\\/#primaryimage\",\"url\":\"https:\\\/\\\/www.linslerhof.de\\\/wp-content\\\/uploads\\\/2025\\\/05\\\/blog-sommerfest4.jpg\",\"contentUrl\":\"https:\\\/\\\/www.linslerhof.de\\\/wp-content\\\/uploads\\\/2025\\\/05\\\/blog-sommerfest4.jpg\",\"width\":600,\"height\":366,\"caption\":\"Sommerpicknik, Kirchen & Aprikosen\"},{\"@type\":\"BreadcrumbList\",\"@id\":\"https:\\\/\\\/www.linslerhof.de\\\/fr\\\/fetes-de-fin-dete-dans-les-jardins-du-linslerhof\\\/#breadcrumb\",\"itemListElement\":[{\"@type\":\"ListItem\",\"position\":1,\"name\":\"Startseite\",\"item\":\"https:\\\/\\\/www.linslerhof.de\\\/fr\\\/hotel-4-etoiles-en-sarre\\\/\"},{\"@type\":\"ListItem\",\"position\":2,\"name\":\"F\u00eates de fin d&#8217;\u00e9t\u00e9 dans les jardins du Linslerhof\"}]},{\"@type\":\"WebSite\",\"@id\":\"https:\\\/\\\/www.linslerhof.de\\\/fr\\\/#website\",\"url\":\"https:\\\/\\\/www.linslerhof.de\\\/fr\\\/\",\"name\":\"Linslerhof\",\"description\":\"Historischer Gutshof\",\"publisher\":{\"@id\":\"https:\\\/\\\/www.linslerhof.de\\\/fr\\\/#organization\"},\"potentialAction\":[{\"@type\":\"SearchAction\",\"target\":{\"@type\":\"EntryPoint\",\"urlTemplate\":\"https:\\\/\\\/www.linslerhof.de\\\/fr\\\/?s={search_term_string}\"},\"query-input\":{\"@type\":\"PropertyValueSpecification\",\"valueRequired\":true,\"valueName\":\"search_term_string\"}}],\"inLanguage\":\"fr-FR\"},{\"@type\":\"Organization\",\"@id\":\"https:\\\/\\\/www.linslerhof.de\\\/fr\\\/#organization\",\"name\":\"Linslerhof\",\"url\":\"https:\\\/\\\/www.linslerhof.de\\\/fr\\\/\",\"logo\":{\"@type\":\"ImageObject\",\"inLanguage\":\"fr-FR\",\"@id\":\"https:\\\/\\\/www.linslerhof.de\\\/fr\\\/#\\\/schema\\\/logo\\\/image\\\/\",\"url\":\"https:\\\/\\\/www.linslerhof.de\\\/wp-content\\\/uploads\\\/2020\\\/12\\\/Logo_2020.png\",\"contentUrl\":\"https:\\\/\\\/www.linslerhof.de\\\/wp-content\\\/uploads\\\/2020\\\/12\\\/Logo_2020.png\",\"width\":466,\"height\":300,\"caption\":\"Linslerhof\"},\"image\":{\"@id\":\"https:\\\/\\\/www.linslerhof.de\\\/fr\\\/#\\\/schema\\\/logo\\\/image\\\/\"},\"sameAs\":[\"https:\\\/\\\/www.facebook.com\\\/Linslerhof\",\"https:\\\/\\\/www.instagram.com\\\/linslerhof\\\/\"]},{\"@type\":\"Person\",\"@id\":\"https:\\\/\\\/www.linslerhof.de\\\/fr\\\/#\\\/schema\\\/person\\\/fdecd0f84a48f837b8ceef11fba619e6\",\"name\":\"Linslerhof\",\"image\":{\"@type\":\"ImageObject\",\"inLanguage\":\"fr-FR\",\"@id\":\"https:\\\/\\\/secure.gravatar.com\\\/avatar\\\/604e0f0d7a31fe2cdbd177814c97d7c5f454fb670c0a7aefd1c57ea0c119326d?s=96&d=mm&r=g\",\"url\":\"https:\\\/\\\/secure.gravatar.com\\\/avatar\\\/604e0f0d7a31fe2cdbd177814c97d7c5f454fb670c0a7aefd1c57ea0c119326d?s=96&d=mm&r=g\",\"contentUrl\":\"https:\\\/\\\/secure.gravatar.com\\\/avatar\\\/604e0f0d7a31fe2cdbd177814c97d7c5f454fb670c0a7aefd1c57ea0c119326d?s=96&d=mm&r=g\",\"caption\":\"Linslerhof\"},\"url\":\"https:\\\/\\\/www.linslerhof.de\\\/fr\\\/author\\\/usr_linslerhof_admin\\\/\"}]}<\/script>\n<!-- \/ Yoast SEO plugin. -->","yoast_head_json":{"title":"F\u00eates de fin d'\u00e9t\u00e9 dans les jardins du Linslerhof | Linslerhof","description":"Chez nous, au Linslerhof, vous vivrez des f\u00eates de jardin uniques \u00e0 la fin de l'\u00e9t\u00e9, dans le cadre idyllique de notre domaine historique.","robots":{"index":"index","follow":"follow","max-snippet":"max-snippet:-1","max-image-preview":"max-image-preview:large","max-video-preview":"max-video-preview:-1"},"canonical":"https:\/\/www.linslerhof.de\/fr\/fetes-de-fin-dete-dans-les-jardins-du-linslerhof\/","og_locale":"fr_FR","og_type":"article","og_title":"F\u00eates de fin d'\u00e9t\u00e9 dans les jardins du Linslerhof | Linslerhof","og_description":"Chez nous, au Linslerhof, vous vivrez des f\u00eates de jardin uniques \u00e0 la fin de l'\u00e9t\u00e9, dans le cadre idyllique de notre domaine historique.","og_url":"https:\/\/www.linslerhof.de\/fr\/fetes-de-fin-dete-dans-les-jardins-du-linslerhof\/","og_site_name":"Linslerhof","article_publisher":"https:\/\/www.facebook.com\/Linslerhof","article_published_time":"2025-05-02T11:33:51+00:00","article_modified_time":"2025-10-01T13:22:41+00:00","og_image":[{"width":600,"height":366,"url":"https:\/\/www.linslerhof.de\/wp-content\/uploads\/2025\/05\/blog-sommerfest4.jpg","type":"image\/jpeg"}],"author":"Linslerhof","twitter_card":"summary_large_image","twitter_misc":{"\u00c9crit par":"Linslerhof","Dur\u00e9e de lecture estim\u00e9e":"2 minutes"},"schema":{"@context":"https:\/\/schema.org","@graph":[{"@type":"Article","@id":"https:\/\/www.linslerhof.de\/fr\/fetes-de-fin-dete-dans-les-jardins-du-linslerhof\/#article","isPartOf":{"@id":"https:\/\/www.linslerhof.de\/fr\/fetes-de-fin-dete-dans-les-jardins-du-linslerhof\/"},"author":{"name":"Linslerhof","@id":"https:\/\/www.linslerhof.de\/fr\/#\/schema\/person\/fdecd0f84a48f837b8ceef11fba619e6"},"headline":"F\u00eates de fin d&rsquo;\u00e9t\u00e9 dans les jardins du Linslerhof","datePublished":"2025-05-02T11:33:51+00:00","dateModified":"2025-10-01T13:22:41+00:00","mainEntityOfPage":{"@id":"https:\/\/www.linslerhof.de\/fr\/fetes-de-fin-dete-dans-les-jardins-du-linslerhof\/"},"wordCount":468,"commentCount":0,"publisher":{"@id":"https:\/\/www.linslerhof.de\/fr\/#organization"},"image":{"@id":"https:\/\/www.linslerhof.de\/fr\/fetes-de-fin-dete-dans-les-jardins-du-linslerhof\/#primaryimage"},"thumbnailUrl":"https:\/\/www.linslerhof.de\/wp-content\/uploads\/2025\/05\/blog-sommerfest4.jpg","keywords":["F\u00eate du jardin","fin de l'\u00e9t\u00e9","Fixe","solennit\u00e9"],"articleSection":["F\u00eates et c\u00e9l\u00e9brations"],"inLanguage":"fr-FR","potentialAction":[{"@type":"CommentAction","name":"Comment","target":["https:\/\/www.linslerhof.de\/fr\/fetes-de-fin-dete-dans-les-jardins-du-linslerhof\/#respond"]}]},{"@type":"WebPage","@id":"https:\/\/www.linslerhof.de\/fr\/fetes-de-fin-dete-dans-les-jardins-du-linslerhof\/","url":"https:\/\/www.linslerhof.de\/fr\/fetes-de-fin-dete-dans-les-jardins-du-linslerhof\/","name":"F\u00eates de fin d'\u00e9t\u00e9 dans les jardins du Linslerhof | Linslerhof","isPartOf":{"@id":"https:\/\/www.linslerhof.de\/fr\/#website"},"primaryImageOfPage":{"@id":"https:\/\/www.linslerhof.de\/fr\/fetes-de-fin-dete-dans-les-jardins-du-linslerhof\/#primaryimage"},"image":{"@id":"https:\/\/www.linslerhof.de\/fr\/fetes-de-fin-dete-dans-les-jardins-du-linslerhof\/#primaryimage"},"thumbnailUrl":"https:\/\/www.linslerhof.de\/wp-content\/uploads\/2025\/05\/blog-sommerfest4.jpg","datePublished":"2025-05-02T11:33:51+00:00","dateModified":"2025-10-01T13:22:41+00:00","description":"Chez nous, au Linslerhof, vous vivrez des f\u00eates de jardin uniques \u00e0 la fin de l'\u00e9t\u00e9, dans le cadre idyllique de notre domaine historique.","breadcrumb":{"@id":"https:\/\/www.linslerhof.de\/fr\/fetes-de-fin-dete-dans-les-jardins-du-linslerhof\/#breadcrumb"},"inLanguage":"fr-FR","potentialAction":[{"@type":"ReadAction","target":["https:\/\/www.linslerhof.de\/fr\/fetes-de-fin-dete-dans-les-jardins-du-linslerhof\/"]}]},{"@type":"ImageObject","inLanguage":"fr-FR","@id":"https:\/\/www.linslerhof.de\/fr\/fetes-de-fin-dete-dans-les-jardins-du-linslerhof\/#primaryimage","url":"https:\/\/www.linslerhof.de\/wp-content\/uploads\/2025\/05\/blog-sommerfest4.jpg","contentUrl":"https:\/\/www.linslerhof.de\/wp-content\/uploads\/2025\/05\/blog-sommerfest4.jpg","width":600,"height":366,"caption":"Sommerpicknik, Kirchen & Aprikosen"},{"@type":"BreadcrumbList","@id":"https:\/\/www.linslerhof.de\/fr\/fetes-de-fin-dete-dans-les-jardins-du-linslerhof\/#breadcrumb","itemListElement":[{"@type":"ListItem","position":1,"name":"Startseite","item":"https:\/\/www.linslerhof.de\/fr\/hotel-4-etoiles-en-sarre\/"},{"@type":"ListItem","position":2,"name":"F\u00eates de fin d&#8217;\u00e9t\u00e9 dans les jardins du Linslerhof"}]},{"@type":"WebSite","@id":"https:\/\/www.linslerhof.de\/fr\/#website","url":"https:\/\/www.linslerhof.de\/fr\/","name":"Linslerhof","description":"Historischer Gutshof","publisher":{"@id":"https:\/\/www.linslerhof.de\/fr\/#organization"},"potentialAction":[{"@type":"SearchAction","target":{"@type":"EntryPoint","urlTemplate":"https:\/\/www.linslerhof.de\/fr\/?s={search_term_string}"},"query-input":{"@type":"PropertyValueSpecification","valueRequired":true,"valueName":"search_term_string"}}],"inLanguage":"fr-FR"},{"@type":"Organization","@id":"https:\/\/www.linslerhof.de\/fr\/#organization","name":"Linslerhof","url":"https:\/\/www.linslerhof.de\/fr\/","logo":{"@type":"ImageObject","inLanguage":"fr-FR","@id":"https:\/\/www.linslerhof.de\/fr\/#\/schema\/logo\/image\/","url":"https:\/\/www.linslerhof.de\/wp-content\/uploads\/2020\/12\/Logo_2020.png","contentUrl":"https:\/\/www.linslerhof.de\/wp-content\/uploads\/2020\/12\/Logo_2020.png","width":466,"height":300,"caption":"Linslerhof"},"image":{"@id":"https:\/\/www.linslerhof.de\/fr\/#\/schema\/logo\/image\/"},"sameAs":["https:\/\/www.facebook.com\/Linslerhof","https:\/\/www.instagram.com\/linslerhof\/"]},{"@type":"Person","@id":"https:\/\/www.linslerhof.de\/fr\/#\/schema\/person\/fdecd0f84a48f837b8ceef11fba619e6","name":"Linslerhof","image":{"@type":"ImageObject","inLanguage":"fr-FR","@id":"https:\/\/secure.gravatar.com\/avatar\/604e0f0d7a31fe2cdbd177814c97d7c5f454fb670c0a7aefd1c57ea0c119326d?s=96&d=mm&r=g","url":"https:\/\/secure.gravatar.com\/avatar\/604e0f0d7a31fe2cdbd177814c97d7c5f454fb670c0a7aefd1c57ea0c119326d?s=96&d=mm&r=g","contentUrl":"https:\/\/secure.gravatar.com\/avatar\/604e0f0d7a31fe2cdbd177814c97d7c5f454fb670c0a7aefd1c57ea0c119326d?s=96&d=mm&r=g","caption":"Linslerhof"},"url":"https:\/\/www.linslerhof.de\/fr\/author\/usr_linslerhof_admin\/"}]}},"_links":{"self":[{"href":"https:\/\/www.linslerhof.de\/fr\/wp-json\/wp\/v2\/posts\/46099","targetHints":{"allow":["GET"]}}],"collection":[{"href":"https:\/\/www.linslerhof.de\/fr\/wp-json\/wp\/v2\/posts"}],"about":[{"href":"https:\/\/www.linslerhof.de\/fr\/wp-json\/wp\/v2\/types\/post"}],"author":[{"embeddable":true,"href":"https:\/\/www.linslerhof.de\/fr\/wp-json\/wp\/v2\/users\/3"}],"replies":[{"embeddable":true,"href":"https:\/\/www.linslerhof.de\/fr\/wp-json\/wp\/v2\/comments?post=46099"}],"version-history":[{"count":1,"href":"https:\/\/www.linslerhof.de\/fr\/wp-json\/wp\/v2\/posts\/46099\/revisions"}],"predecessor-version":[{"id":46103,"href":"https:\/\/www.linslerhof.de\/fr\/wp-json\/wp\/v2\/posts\/46099\/revisions\/46103"}],"wp:featuredmedia":[{"embeddable":true,"href":"https:\/\/www.linslerhof.de\/fr\/wp-json\/wp\/v2\/media\/44031"}],"wp:attachment":[{"href":"https:\/\/www.linslerhof.de\/fr\/wp-json\/wp\/v2\/media?parent=46099"}],"wp:term":[{"taxonomy":"category","embeddable":true,"href":"https:\/\/www.linslerhof.de\/fr\/wp-json\/wp\/v2\/categories?post=46099"},{"taxonomy":"post_tag","embeddable":true,"href":"https:\/\/www.linslerhof.de\/fr\/wp-json\/wp\/v2\/tags?post=46099"}],"curies":[{"name":"wp","href":"https:\/\/api.w.org\/{rel}","templated":true}]}}